{"id":504091,"date":"2026-04-07T17:30:37","date_gmt":"2026-04-07T21:30:37","guid":{"rendered":"https:\/\/deultimominuto.net\/en\/uncategorized\/adolescente-agredida-por-el-coronel-made-ramirez-fue-abandonada-por-policias-en-una-calle-solitaria\/"},"modified":"2026-04-07T17:30:37","modified_gmt":"2026-04-07T21:30:37","slug":"adolescente-agredida-por-el-coronel-made-ramirez-fue-abandonada-por-policias-en-una-calle-solitaria","status":"publish","type":"post","link":"https:\/\/deultimominuto.com\/en\/uncategorized\/adolescente-agredida-por-el-coronel-made-ramirez-fue-abandonada-por-policias-en-una-calle-solitaria\/","title":{"rendered":"Adolescente agredida por el coronel Mad\u00e9 Ram\u00edrez fue abandonada por polic\u00edas en una \u201ccalle solitaria\u201d"},"content":{"rendered":"\n<p class=\"wp-block-paragraph\"><strong>Santo Domingo, RD.<\/strong> \u2013 Adolescente de 16 a\u00f1os, que habr\u00eda sido v\u00edctima de agresi\u00f3n por parte del coronel de la <a href=\"https:\/\/ab.deultimominuto.net\/nacionales\/justicia\/coronel-imputado-por-agresion-es-trasladado-a-sala-de-audiencia-en-sde\/\" target=\"_blank\" rel=\"noopener\">Polic\u00eda Nacional<\/a>, Fausto Mad\u00e9 Ram\u00edrez, fue posteriormente dejada por agentes en una calle solitaria, seg\u00fan consta en el expediente del caso.<\/p>\n\n\n\n<p class=\"wp-block-paragraph\">El hecho, ocurrido en el sector Los Mina durante la madrugada, ha generado preocupaci\u00f3n por el trato recibido por la menor, quien, adem\u00e1s de las presuntas agresiones f\u00edsicas, habr\u00eda sido trasladada en una patrulla antes de ser abandonada en un lugar apartado, sin asistencia ni protecci\u00f3n.<\/p>\n\n\n\n<p class=\"wp-block-paragraph\">De acuerdo con las investigaciones, la joven se encontraba en las afueras de un centro de diversi\u00f3n junto a familiares y un acompa\u00f1ante, cuando se produjo un altercado con miembros de una patrulla policial. La situaci\u00f3n escal\u00f3, derivando en un episodio de violencia que dej\u00f3 a la menor con lesiones.<\/p>\n\n\n\n<h5 class=\"wp-block-heading\"><strong>Recomendamos leer:<a href=\"https:\/\/ab.deultimominuto.net\/nacionales\/justicia\/dictan-tres-meses-de-prision-preventiva-contra-coronel-fausto-ramirez\/\" target=\"_blank\" rel=\"noopener\">Dictan tres meses de prisi\u00f3n preventiva contra coronel Fausto Ram\u00edrez<\/a><\/strong><\/h5>\n\n\n\n<p class=\"wp-block-paragraph\">El aspecto que m\u00e1s ha causado indignaci\u00f3n es que, tras el incidente, la adolescente no fue llevada a un centro de salud ni entregada a sus familiares, sino dejada sola en una zona aislada, lo que ha sido cuestionado por distintos sectores sociales.<\/p>\n\n\n\n<p class=\"wp-block-paragraph\">Por este caso, un tribunal dict\u00f3 tres meses de prisi\u00f3n preventiva contra el oficial, mientras el Ministerio P\u00fablico contin\u00faa profundizando las investigaciones.<\/p>\n\n\n\n<p class=\"wp-block-paragraph\">El hecho ha reavivado el debate sobre los protocolos de actuaci\u00f3n policial, especialmente en casos que involucran a menores de edad.<\/p>\n","protected":false},"excerpt":{"rendered":"<p>Santo Domingo, RD. \u2013 Adolescente de 16 a\u00f1os, que habr\u00eda sido v\u00edctima de agresi\u00f3n por parte del coronel de la Polic\u00eda Nacional, Fausto Mad\u00e9 Ram\u00edrez, fue posteriormente dejada por agentes en una calle solitaria, seg\u00fan consta en el expediente del caso. El hecho, ocurrido en el sector Los Mina durante la madrugada, ha generado preocupaci\u00f3n [&hellip;]<\/p>\n","protected":false},"author":133556,"featured_media":0,"comment_status":"open","ping_status":"open","sticky":false,"template":"","format":"standard","meta":{"_acf_changed":false,"_jetpack_newsletter_access":"","_jetpack_dont_email_post_to_subs":false,"_jetpack_newsletter_tier_id":0,"_jetpack_memberships_contains_paywalled_content":false,"_jetpack_memberships_contains_paid_content":false,"footnotes":"","_members_access_role":[],"_members_access_error":""},"categories":[1],"tags":[],"class_list":["post-504091","post","type-post","status-publish","format-standard","category-uncategorized"],"acf":[],"jetpack_sharing_enabled":true,"jetpack_shortlink":"https:\/\/wp.me\/phj1q1-278v","jetpack_featured_media_url":"","dum_api":{"author_name":"Yerandi Santana","author_image":"https:\/\/deultimominuto.com\/wp-content\/uploads\/2026\/02\/cropped-WhatsApp-Image-2026-02-13-at-5.35.07-PM-96x96.jpeg","categories_name":["Uncategorized"],"featured_media_url":null},"_links":{"self":[{"href":"https:\/\/deultimominuto.com\/en\/wp-json\/wp\/v2\/posts\/504091","targetHints":{"allow":["GET"]}}],"collection":[{"href":"https:\/\/deultimominuto.com\/en\/wp-json\/wp\/v2\/posts"}],"about":[{"href":"https:\/\/deultimominuto.com\/en\/wp-json\/wp\/v2\/types\/post"}],"author":[{"embeddable":true,"href":"https:\/\/deultimominuto.com\/en\/wp-json\/wp\/v2\/users\/133556"}],"replies":[{"embeddable":true,"href":"https:\/\/deultimominuto.com\/en\/wp-json\/wp\/v2\/comments?post=504091"}],"version-history":[{"count":0,"href":"https:\/\/deultimominuto.com\/en\/wp-json\/wp\/v2\/posts\/504091\/revisions"}],"wp:attachment":[{"href":"https:\/\/deultimominuto.com\/en\/wp-json\/wp\/v2\/media?parent=504091"}],"wp:term":[{"taxonomy":"category","embeddable":true,"href":"https:\/\/deultimominuto.com\/en\/wp-json\/wp\/v2\/categories?post=504091"},{"taxonomy":"post_tag","embeddable":true,"href":"https:\/\/deultimominuto.com\/en\/wp-json\/wp\/v2\/tags?post=504091"}],"curies":[{"name":"wp","href":"https:\/\/api.w.org\/{rel}","templated":true}]}}