{"id":504214,"date":"2026-04-08T22:04:51","date_gmt":"2026-04-09T02:04:51","guid":{"rendered":"https:\/\/deultimominuto.net\/en\/uncategorized\/one-piece-netflix-lanzara-un-especial-animado-en-lego-que-repasa-las-dos-primeras-temporadas-del-live-action\/"},"modified":"2026-04-08T22:04:51","modified_gmt":"2026-04-09T02:04:51","slug":"one-piece-netflix-lanzara-un-especial-animado-en-lego-que-repasa-las-dos-primeras-temporadas-del-live-action","status":"publish","type":"post","link":"https:\/\/deultimominuto.com\/en\/uncategorized\/one-piece-netflix-lanzara-un-especial-animado-en-lego-que-repasa-las-dos-primeras-temporadas-del-live-action\/","title":{"rendered":"One Piece: Netflix lanzar\u00e1 un especial animado en Lego que repasa las dos primeras temporadas del live-action"},"content":{"rendered":"\n<p class=\"wp-block-paragraph\">Netflix anunci\u00f3 importantes novedades para los fan\u00e1ticos de<em><strong>\u00a0One Piece<\/strong><\/em>, ampliando la <a href=\"https:\/\/ab.deultimominuto.net\/entretenimiento\/temporada-2-de-one-piece\/\" target=\"_blank\" rel=\"noopener\">franquicia <\/a>con un especial animado de Lego, actualizaciones sobre la tercera temporada de la serie live-action, un nuevo anime japon\u00e9s, un podcast oficial y productos de merchandising.<\/p>\n\n\n\n<p class=\"wp-block-paragraph\">El \u00e9xito de la serie live-action ha sido notable. La segunda temporada debut\u00f3 en el puesto n\u00famero uno del&nbsp;<em>Netflix Global Top 10<\/em>&nbsp;y mantiene una calificaci\u00f3n del 100 % por parte de los cr\u00edticos en Rotten Tomatoes.<\/p>\n\n\n\n<p class=\"wp-block-paragraph\">Este desempe\u00f1o ha impulsado la expansi\u00f3n de la franquicia a nuevas producciones y formatos. Entre las novedades, Netflix present\u00f3 un especial animado en dos partes titulado&nbsp;<em>Lego One Piece<\/em>, que se estrenar\u00e1 el 29 de septiembre.<\/p>\n\n\n\n<p class=\"wp-block-paragraph\">Producido en colaboraci\u00f3n con Lego Groupempresa de juguetes&#8221;], Shueisha y Atomic, el especial recrear\u00e1 los eventos de las dos primeras temporadas live-action en formato Lego, con un tono c\u00f3mico. Katey Sagal prestar\u00e1 su voz al personaje de Lego Dr. Kureha.<\/p>\n\n\n\n<h5 class=\"wp-block-heading\"><strong>Recomendamos leer:<a href=\"https:\/\/ab.deultimominuto.net\/entretenimiento\/cine-y-series\/netflix-anuncia-el-estreno\/\" target=\"_blank\" rel=\"noopener\">Netflix anuncia el estreno de la segunda temporada de One Piece y revela nuevos personajes en tr\u00e1iler oficial<\/a><\/strong><\/h5>\n\n\n\n<p class=\"wp-block-paragraph\">Por si fuera poco, Netflix inform\u00f3 que la tercera temporada de la serie live-action se titular\u00e1&nbsp;<em><strong>The Battle of Alabasta<\/strong><\/em>y se estrenar\u00e1 en 2027. La segunda temporada concluy\u00f3 con Luffy y su tripulaci\u00f3n, los Sombrero de Paja, dirigi\u00e9ndose al reino des\u00e9rtico de Alabasta, la tierra natal de la princesa Vivi.<\/p>\n\n\n\n<p class=\"wp-block-paragraph\">La nueva temporada abordar\u00e1 una rebeli\u00f3n que amenaza con desestabilizar el reino, instigada en secreto por uno de los Siete Guerreros del Mar, Sir Crocodile, y su organizaci\u00f3n Baroque Works, que buscan tomar el control del territorio.<\/p>\n\n\n\n<p class=\"wp-block-paragraph\">Netflix describe la temporada como una historia marcada por \u201clazos inquebrantables y decisiones imposibles\u201d, en la que los Sombrero de Paja deber\u00e1n enfrentar una guerra civil y un poderoso guerrero para salvar el reino de Vivi antes de que se desintegre.<\/p>\n\n\n\n<p class=\"wp-block-paragraph\">La producci\u00f3n promete enemigos formidables y mundos in\u00e9ditos que elevar\u00e1n las apuestas de la narrativa.<\/p>\n\n\n\n<p class=\"wp-block-paragraph\"><strong>Joe Tracz<\/strong>&nbsp;e&nbsp;<strong>Ian Stokes<\/strong>, co-showrunners de la serie afirmaron que la saga de Alabasta es \u201cuna de las historias m\u00e1s queridas de todo One Piece\u201d y destacaron que la tercera temporada continuar\u00e1 con un relato \u201c\u00e9pico y emocional, espectacular y sorprendente\u201d.<\/p>\n\n\n\n<p class=\"wp-block-paragraph\">Adem\u00e1s, los seguidores del anime japon\u00e9s podr\u00e1n disfrutar de un nuevo proyecto producido por Netflix en colaboraci\u00f3n con Wit Studio, conocido por trabajos como&nbsp;<em>Attack on Titan<\/em>,&nbsp;<em>Great Pretender<\/em>,&nbsp;<em>Ranking of Kings<\/em>&nbsp;y&nbsp;<em>Spy \u00d7 Family<\/em>.<\/p>\n\n\n\n<p class=\"wp-block-paragraph\">La serie animada, anunciada originalmente en 2024, reimaginar\u00e1 la saga East Blue de Eiichiro Oda. La producci\u00f3n se realiza junto a Toei Animation y Fuji Television Network.<\/p>\n\n\n\n<p class=\"wp-block-paragraph\">Netflix tambi\u00e9n anunci\u00f3 nuevas experiencias digitales y f\u00edsicas para los fans. Se habilitar\u00e1 un centro de contenido en Tudum.com y dentro de la plataforma de streaming, adem\u00e1s de actividades presenciales en ubicaciones de Netflix House, como la experiencia&nbsp;<em>One Piece: Quest for the Devil Fruit<\/em>.<\/p>\n\n\n\n<h5 class=\"wp-block-heading\"><strong>Tambi\u00e9n puedes leer:<a href=\"https:\/\/ab.deultimominuto.net\/internacionales\/generacion-z-arma-piquetes\/\" target=\"_blank\" rel=\"noopener\">Generaci\u00f3n Z arma piquetes en Nepal y usan bandera de One Piece como su s\u00edmbolo<\/a><\/strong><\/h5>\n\n\n\n<p class=\"wp-block-paragraph\">Asimismo, habr\u00e1 contenido en servicios de audio, incluyendo un podcast oficial de la franquicia.<\/p>\n\n\n\n<p class=\"wp-block-paragraph\">En cuanto a productos de merchandising, Netflix incrementar\u00e1 su oferta con juguetes, coleccionables y colaboraciones de estilo de vida, en asociaci\u00f3n con empresas como Moose Toys, NERF, Quiksilver, Funko, Netflix Shop, Penguin Random House, Hot Topic y Primark. Tambi\u00e9n se anunciaron futuros sets de Lego inspirados en la segunda temporada.<\/p>\n","protected":false},"excerpt":{"rendered":"<p>Netflix anunci\u00f3 importantes novedades para los fan\u00e1ticos de\u00a0One Piece, ampliando la franquicia con un especial animado de Lego, actualizaciones sobre la tercera temporada de la serie live-action, un nuevo anime japon\u00e9s, un podcast oficial y productos de merchandising. El \u00e9xito de la serie live-action ha sido notable. La segunda temporada debut\u00f3 en el puesto n\u00famero [&hellip;]<\/p>\n","protected":false},"author":133556,"featured_media":0,"comment_status":"open","ping_status":"open","sticky":false,"template":"","format":"standard","meta":{"_acf_changed":false,"_jetpack_newsletter_access":"","_jetpack_dont_email_post_to_subs":false,"_jetpack_newsletter_tier_id":0,"_jetpack_memberships_contains_paywalled_content":false,"_jetpack_memberships_contains_paid_content":false,"footnotes":"","_members_access_role":[],"_members_access_error":""},"categories":[1],"tags":[],"class_list":["post-504214","post","type-post","status-publish","format-standard","category-uncategorized"],"acf":[],"jetpack_sharing_enabled":true,"jetpack_shortlink":"https:\/\/wp.me\/phj1q1-27au","jetpack_featured_media_url":"","dum_api":{"author_name":"Yerandi Santana","author_image":"https:\/\/deultimominuto.com\/wp-content\/uploads\/2026\/02\/cropped-WhatsApp-Image-2026-02-13-at-5.35.07-PM-96x96.jpeg","categories_name":["Uncategorized"],"featured_media_url":null},"_links":{"self":[{"href":"https:\/\/deultimominuto.com\/en\/wp-json\/wp\/v2\/posts\/504214","targetHints":{"allow":["GET"]}}],"collection":[{"href":"https:\/\/deultimominuto.com\/en\/wp-json\/wp\/v2\/posts"}],"about":[{"href":"https:\/\/deultimominuto.com\/en\/wp-json\/wp\/v2\/types\/post"}],"author":[{"embeddable":true,"href":"https:\/\/deultimominuto.com\/en\/wp-json\/wp\/v2\/users\/133556"}],"replies":[{"embeddable":true,"href":"https:\/\/deultimominuto.com\/en\/wp-json\/wp\/v2\/comments?post=504214"}],"version-history":[{"count":0,"href":"https:\/\/deultimominuto.com\/en\/wp-json\/wp\/v2\/posts\/504214\/revisions"}],"wp:attachment":[{"href":"https:\/\/deultimominuto.com\/en\/wp-json\/wp\/v2\/media?parent=504214"}],"wp:term":[{"taxonomy":"category","embeddable":true,"href":"https:\/\/deultimominuto.com\/en\/wp-json\/wp\/v2\/categories?post=504214"},{"taxonomy":"post_tag","embeddable":true,"href":"https:\/\/deultimominuto.com\/en\/wp-json\/wp\/v2\/tags?post=504214"}],"curies":[{"name":"wp","href":"https:\/\/api.w.org\/{rel}","templated":true}]}}