{"id":504221,"date":"2026-04-08T23:26:05","date_gmt":"2026-04-09T03:26:05","guid":{"rendered":"https:\/\/deultimominuto.net\/en\/uncategorized\/residentes-de-los-girasoles-claman-por-soluciones-tras-inundaciones-productos-del-desbordamiento-de-canada\/"},"modified":"2026-04-08T23:36:53","modified_gmt":"2026-04-09T03:36:53","slug":"residentes-de-los-girasoles-i-claman-por-soluciones-tras-inundaciones-productos-del-desbordamiento-de-canada","status":"publish","type":"post","link":"https:\/\/deultimominuto.com\/en\/uncategorized\/residentes-de-los-girasoles-i-claman-por-soluciones-tras-inundaciones-productos-del-desbordamiento-de-canada\/","title":{"rendered":"Residentes de Los Girasoles I claman por soluciones tras inundaciones productos del desbordamiento de ca\u00f1ada"},"content":{"rendered":"\n<h6 class=\"wp-block-heading has-text-align-center\"><em><strong>&#8220;Los Girasoles est\u00e1 hu\u00e9rfano. Cada vez que llueve vivimos momentos dif\u00edciles. Perdimos todo los ajuares&#8221;, fue la bienvenida que nos di\u00f3  una residente de la calle S. <\/strong><\/em><\/h6>\n\n\n\n<p class=\"wp-block-paragraph\"><strong>Santo Domingo<\/strong>.\u2013 Las intensas lluvias registradas la madrugada de este mi\u00e9rcoles 8 de abril, producto de una vaguada que incide sobre gran parte del territorio nacional, provocaron inundaciones en distintos puntos del Distrito Nacional y municipios de Santo Domingo Este, dejando a decenas de familias afectadas.<\/p>\n\n\n\n<p class=\"wp-block-paragraph\">Uno de los sectores m\u00e1s impactados fue <strong>Los Girasoles I<\/strong>, donde viviendas quedaron anegadas por aguas turbias, obligando a residentes a abandonar sus hogares en plena madrugada,<strong> incluso con ni\u00f1os en brazos<\/strong>, para resguardar sus vidas.<\/p>\n\n\n\n<p class=\"wp-block-paragraph\">De acuerdo con testimonios recogidos en la zona, las inundaciones no solo responden a las lluvias, sino tambi\u00e9n a problemas estructurales como la falta de drenaje adecuado, la acumulaci\u00f3n de desechos y la ausencia de pol\u00edticas p\u00fablicas efectivas.<\/p>\n\n\n\n<blockquote class=\"wp-block-quote is-layout-flow wp-block-quote-is-layout-flow\">\n<p class=\"wp-block-paragraph\">&#8220;Esos ingenieros que ellos mandan no est\u00e1n haciendo nada. Ese arreglo no tiene ni un a\u00f1o y ya la calle se abri\u00f3. Queremos que nos saquen de aqu\u00ed. Va a suceder una desgracia peor que la de Jet set&#8221;, expres\u00f3 indignada Mar\u00eda Alejandra M\u00e9ndez.<\/p>\n<\/blockquote>\n\n\n\n<p class=\"wp-block-paragraph\">Entre los afectados se encuentra <strong>Antonia<\/strong> <strong>Jocelin Paulino<\/strong>, una mujer de escasos recursos que <strong>subsiste con una pensi\u00f3n solidaria de RD$6,000 y que, debido a su edad y condiciones de salud, no puede trabajar<\/strong>. La se\u00f1ora expres\u00f3 incertidumbre sobre d\u00f3nde pasar\u00e1 la noche tras perder parte de sus <a href=\"https:\/\/www.youtube.com\/@deultimominutotv\/videos\" data-type=\"link\" data-id=\"https:\/\/www.youtube.com\/@deultimominutotv\/videos\" target=\"_blank\" rel=\"noopener\">pertenencias<\/a>.<\/p>\n\n\n\n<blockquote class=\"wp-block-quote is-layout-flow wp-block-quote-is-layout-flow\">\n<p class=\"wp-block-paragraph\">&#8220;Mi esposo sufri\u00f3 un ACV. Yo tengo una pila en el coraz\u00f3n. Estamos aqu\u00ed los dos enfermos. Tenemos todo acabado, la cama, la nevera y no sabemos ni donde vamos a dormir. Ser\u00e1 dormir en el piso. Lo perdimos todos&#8221;, expres\u00f3 Antonia en medio de la incertidumbre. <\/p>\n<\/blockquote>\n\n\n\n<p class=\"wp-block-paragraph\">A esta situaci\u00f3n se suman peque\u00f1os comerciantes del sector, quienes reportan p\u00e9rdidas significativas en mercanc\u00edas y equipos, agravando a\u00fan m\u00e1s el impacto econ\u00f3mico de las inundaciones.<\/p>\n\n\n\n<h6 class=\"wp-block-heading has-text-align-center\"><strong>Tambi\u00e9n puedes leer: <a href=\"https:\/\/ab.deultimominuto.net\/nacionales\/comerciante-de-los-girasoles\/\" target=\"_blank\" rel=\"noopener\">Comerciante de Los Girasoles &#8220;p\u00e9rdidas son m\u00e1s RD$145 mil&#8221;<\/a><\/strong><\/h6>\n\n\n\n<p class=\"wp-block-paragraph\">Residentes consultados coincidieron en que, pese a los esfuerzos anunciados por las autoridades gubernamentales las soluciones han sido insuficientes.<\/p>\n\n\n\n<blockquote class=\"wp-block-quote is-layout-flow wp-block-quote-is-layout-flow\">\n<p class=\"wp-block-paragraph\"> \u201cSi se hubieran hecho bien los trabajos, no estuvi\u00e9ramos pasando por esto\u201d, expres\u00f3 uno de los comunitarios.<\/p>\n<\/blockquote>\n\n\n\n<p class=\"wp-block-paragraph\">Los Girasoles, al igual que otros sectores vulnerables, enfrenta cada a\u00f1o escenarios similares durante la temporada de lluvias, lo que ha generado un llamado colectivo a las autoridades para que implementen medidas concretas que garanticen viviendas dignas y reduzcan los riesgos.<\/p>\n\n\n\n<p class=\"wp-block-paragraph\">Mientras tanto, las familias afectadas contin\u00faan enfrentando la incertidumbre, muchas de ellas sin saber d\u00f3nde dormir\u00e1n en las pr\u00f3ximas horas.<\/p>\n\n\n\n<figure class=\"wp-block-gallery has-nested-images columns-default is-cropped wp-block-gallery-1 is-layout-flex wp-block-gallery-is-layout-flex\">\n<figure class=\"wp-block-image size-large\"><img decoding=\"async\" data-id=\"637997\" src=\"https:\/\/ab.deultimominuto.net\/wp-content\/uploads\/2026\/04\/WhatsApp-Image-2026-04-08-at-11.27.35-PM-4-1024x576.jpeg\" alt=\"\" class=\"wp-image-637997\" title=\"\"><\/figure>\n\n\n\n<figure class=\"wp-block-image size-large\"><img decoding=\"async\" data-id=\"637998\" src=\"https:\/\/ab.deultimominuto.net\/wp-content\/uploads\/2026\/04\/WhatsApp-Image-2026-04-08-at-11.27.35-PM-3-1024x576.jpeg\" alt=\"\" class=\"wp-image-637998\" title=\"\"><\/figure>\n\n\n\n<figure class=\"wp-block-image size-large\"><img decoding=\"async\" data-id=\"637999\" src=\"https:\/\/ab.deultimominuto.net\/wp-content\/uploads\/2026\/04\/WhatsApp-Image-2026-04-08-at-11.27.35-PM-2-1024x576.jpeg\" alt=\"\" class=\"wp-image-637999\" title=\"\"><\/figure>\n\n\n\n<figure class=\"wp-block-image size-large\"><img decoding=\"async\" data-id=\"638002\" src=\"https:\/\/ab.deultimominuto.net\/wp-content\/uploads\/2026\/04\/WhatsApp-Image-2026-04-08-at-11.27.35-PM-1-1024x576.jpeg\" alt=\"\" class=\"wp-image-638002\" title=\"\"><\/figure>\n\n\n\n<figure class=\"wp-block-image size-large\"><img decoding=\"async\" data-id=\"638001\" src=\"https:\/\/ab.deultimominuto.net\/wp-content\/uploads\/2026\/04\/WhatsApp-Image-2026-04-08-at-11.27.35-PM-1024x576.jpeg\" alt=\"\" class=\"wp-image-638001\" title=\"\"><\/figure>\n\n\n\n<figure class=\"wp-block-image size-large\"><img decoding=\"async\" data-id=\"638000\" src=\"https:\/\/ab.deultimominuto.net\/wp-content\/uploads\/2026\/04\/WhatsApp-Image-2026-04-08-at-11.27.34-PM-4-1024x576.jpeg\" alt=\"\" class=\"wp-image-638000\" title=\"\"><\/figure>\n\n\n\n\n\n\n\n\n\n\n<\/figure>\n","protected":false},"excerpt":{"rendered":"<p>&#8220;Los Girasoles est\u00e1 hu\u00e9rfano. Cada vez que llueve vivimos momentos dif\u00edciles. Perdimos todo los ajuares&#8221;, fue la bienvenida que nos di\u00f3 una residente de la calle S. Santo Domingo.\u2013 Las intensas lluvias registradas la madrugada de este mi\u00e9rcoles 8 de abril, producto de una vaguada que incide sobre gran parte del territorio nacional, provocaron inundaciones [&hellip;]<\/p>\n","protected":false},"author":133543,"featured_media":0,"comment_status":"open","ping_status":"open","sticky":false,"template":"","format":"standard","meta":{"_acf_changed":false,"_jetpack_newsletter_access":"","_jetpack_dont_email_post_to_subs":false,"_jetpack_newsletter_tier_id":0,"_jetpack_memberships_contains_paywalled_content":false,"_jetpack_memberships_contains_paid_content":false,"footnotes":"","_members_access_role":[],"_members_access_error":""},"categories":[1],"tags":[],"class_list":["post-504221","post","type-post","status-publish","format-standard","category-uncategorized"],"acf":[],"jetpack_sharing_enabled":true,"jetpack_shortlink":"https:\/\/wp.me\/phj1q1-27aB","jetpack_featured_media_url":"","dum_api":{"author_name":"Carolina \u00c1lvarez","author_image":"https:\/\/deultimominuto.com\/wp-content\/uploads\/2026\/05\/cropped-WhatsApp-Image-2026-05-26-at-5.31.57-PM-96x96.jpeg","categories_name":["Uncategorized"],"featured_media_url":null},"_links":{"self":[{"href":"https:\/\/deultimominuto.com\/en\/wp-json\/wp\/v2\/posts\/504221","targetHints":{"allow":["GET"]}}],"collection":[{"href":"https:\/\/deultimominuto.com\/en\/wp-json\/wp\/v2\/posts"}],"about":[{"href":"https:\/\/deultimominuto.com\/en\/wp-json\/wp\/v2\/types\/post"}],"author":[{"embeddable":true,"href":"https:\/\/deultimominuto.com\/en\/wp-json\/wp\/v2\/users\/133543"}],"replies":[{"embeddable":true,"href":"https:\/\/deultimominuto.com\/en\/wp-json\/wp\/v2\/comments?post=504221"}],"version-history":[{"count":0,"href":"https:\/\/deultimominuto.com\/en\/wp-json\/wp\/v2\/posts\/504221\/revisions"}],"wp:attachment":[{"href":"https:\/\/deultimominuto.com\/en\/wp-json\/wp\/v2\/media?parent=504221"}],"wp:term":[{"taxonomy":"category","embeddable":true,"href":"https:\/\/deultimominuto.com\/en\/wp-json\/wp\/v2\/categories?post=504221"},{"taxonomy":"post_tag","embeddable":true,"href":"https:\/\/deultimominuto.com\/en\/wp-json\/wp\/v2\/tags?post=504221"}],"curies":[{"name":"wp","href":"https:\/\/api.w.org\/{rel}","templated":true}]}}