{"id":504240,"date":"2026-04-09T09:50:05","date_gmt":"2026-04-09T13:50:05","guid":{"rendered":"https:\/\/deultimominuto.net\/en\/uncategorized\/la-educacion-sexual-en-las-escuelas-sera-opcional-en-polonia-tras-una-larga-polemica\/"},"modified":"2026-04-09T09:50:05","modified_gmt":"2026-04-09T13:50:05","slug":"la-educacion-sexual-en-las-escuelas-sera-opcional-en-polonia-tras-una-larga-polemica","status":"publish","type":"post","link":"https:\/\/deultimominuto.com\/en\/international\/la-educacion-sexual-en-las-escuelas-sera-opcional-en-polonia-tras-una-larga-polemica\/","title":{"rendered":"La educaci\u00f3n sexual en las escuelas ser\u00e1 opcional en Polonia, tras una larga pol\u00e9mica"},"content":{"rendered":"\n<p class=\"wp-block-paragraph\"><strong>Cracovia (Polonia).-<\/strong> La <strong>ministra de Educaci\u00f3n de Polonia<\/strong>, <strong>Barbara Nowacka<\/strong>, anunci\u00f3 este jueves que a partir del pr\u00f3ximo curso <strong>se har\u00e1 obligatoria la nueva asignatura de &#8220;Educaci\u00f3n para la Salud&#8221;<\/strong>, pero que el m\u00f3dulo espec\u00edfico de<strong> educaci\u00f3n sexual<\/strong> ser\u00e1 voluntario, debido a presiones pol\u00edticas dentro de la coalici\u00f3n del Gobierno y tras una larga pol\u00e9mica social.<\/p>\n\n\n\n<p class=\"wp-block-paragraph\">En una entrevista emitida hoy por la cadena TVN24, la ministra explic\u00f3 que la nueva materia, que sustituye a la antigua &#8220;Educaci\u00f3n para la Vida en Familia&#8221;, integrar\u00e1 contenidos sobre salud mental, prevenci\u00f3n de adicciones y seguridad digital.<\/p>\n\n\n\n<p class=\"wp-block-paragraph\">No obstante, el componente de salud sexual, que ha causado una gran controversia, representar\u00e1 aproximadamente una d\u00e9cima parte del temario y quedar\u00e1 sujeto a la &#8220;decisi\u00f3n de los padres&#8221;.<\/p>\n\n\n\n<p class=\"wp-block-paragraph\">En sus declaraciones,<strong> Nowacka defendi\u00f3 la importancia de la materia<\/strong> y afirm\u00f3 que &#8220;los conocimientos sobre salud sexual son tan importantes como los conocimientos sobre cualquier otro aspecto de la salud&#8221;.<\/p>\n\n\n\n<p class=\"wp-block-paragraph\">Sin embargo, reconoci\u00f3 que la naturaleza opcional del m\u00f3dulo responde a razones &#8220;estrictamente pol\u00edticas&#8221;, y a\u00f1adi\u00f3 que no le qued\u00f3 &#8220;otra opci\u00f3n&#8221;. &#8220;Si es una decisi\u00f3n de alto nivel del Gobierno, el Ministerio debe acatarla&#8221;, se\u00f1al\u00f3.<\/p>\n\n\n\n<p class=\"wp-block-paragraph\">El anuncio de esta soluci\u00f3n de compromiso pone fin a un largo debate dentro de la coalici\u00f3n del Gobierno liderada por el primer ministro centrista Donald Tusk, en el que el ala progresista choc\u00f3 y finalmente cedi\u00f3 ante los sectores m\u00e1s conservadores, que tem\u00edan perder el apoyo del electorado cat\u00f3lico.<\/p>\n\n\n\n<p class=\"wp-block-paragraph\"><strong>Te puede interesar: <\/strong><a href=\"https:\/\/ab.deultimominuto.net\/internacionales\/falta-de-educacion-sexual-incide-en-que-30-de-los-embarazos-en-mexico-no-se-planeen\/\" data-type=\"link\" data-id=\"https:\/\/ab.deultimominuto.net\/internacionales\/falta-de-educacion-sexual-incide-en-que-30-de-los-embarazos-en-mexico-no-se-planeen\/\" target=\"_blank\" rel=\"noopener\">Falta de educaci\u00f3n sexual incide en que 30 % de los embarazos en M\u00e9xico no se planeen<\/a><\/p>\n\n\n\n<p class=\"wp-block-paragraph\">La reforma ha estado precedida por un clima de alta confrontaci\u00f3n, pues el principal partido de la oposici\u00f3n, el ultranacionalista Ley y Justicia (PiS), hab\u00eda denunciado la <strong>ley como &#8220;depravada y perversa&#8221;<\/strong>, mientras que organizaciones ultracat\u00f3licas como Ordo Iuris lamentaron la &#8220;sexualizaci\u00f3n de los ni\u00f1os&#8221; y la Conferencia Episcopal Polaca la calific\u00f3 de &#8220;antifamiliar&#8221; e &#8220;inconstitucional&#8221;.<\/p>\n\n\n\n<h2 class=\"wp-block-heading\">Desde el punto de vista de sus opositores, <strong>la educaci\u00f3n sexual contemplada en la ley promueve la &#8220;ideolog\u00eda de g\u00e9nero&#8221;<\/strong> por reconocer la existencia de la homosexualidad, &#8220;erotiza&#8221; a los menores y les puede da\u00f1ar psicol\u00f3gicamente por separar la sexualidad del matrimonio, y amenaza los derechos de los progenitores porque &#8220;boicotea la autoridad parental con injerencias ideol\u00f3gicas indebidas&#8221;.<\/h2>\n\n\n\n<p class=\"wp-block-paragraph\">Esta polarizaci\u00f3n provoc\u00f3 cientos de manifestaciones en todo el pa\u00eds a partir de 2024, as\u00ed como enfrentamientos entre asociaciones de padres y la direcci\u00f3n de algunos centros docentes, adem\u00e1s de varios vetos presidenciales del ultraconservador Karol Nawrocki a los intentos del Ejecutivo de legislar la cuesti\u00f3n.<\/p>\n","protected":false},"excerpt":{"rendered":"<p>Cracovia (Polonia).- La ministra de Educaci\u00f3n de Polonia, Barbara Nowacka, anunci\u00f3 este jueves que a partir del pr\u00f3ximo curso se har\u00e1 obligatoria la nueva asignatura de &#8220;Educaci\u00f3n para la Salud&#8221;, pero que el m\u00f3dulo espec\u00edfico de educaci\u00f3n sexual ser\u00e1 voluntario, debido a presiones pol\u00edticas dentro de la coalici\u00f3n del Gobierno y tras una larga pol\u00e9mica [&hellip;]<\/p>\n","protected":false},"author":3,"featured_media":504241,"comment_status":"open","ping_status":"open","sticky":false,"template":"","format":"standard","meta":{"_acf_changed":false,"_jetpack_newsletter_access":"","_jetpack_dont_email_post_to_subs":false,"_jetpack_newsletter_tier_id":0,"_jetpack_memberships_contains_paywalled_content":false,"_jetpack_memberships_contains_paid_content":false,"footnotes":"","_members_access_role":[],"_members_access_error":""},"categories":[95],"tags":[13691,24781,19650],"class_list":["post-504240","post","type-post","status-publish","format-standard","has-post-thumbnail","category-international","tag-educacion","tag-educacion-sexual","tag-polonia"],"acf":[],"jetpack_sharing_enabled":true,"jetpack_shortlink":"https:\/\/wp.me\/phj1q1-27aU","jetpack_featured_media_url":"https:\/\/deultimominuto.com\/en\/wp-content\/uploads\/sites\/2\/2026\/04\/Copia-de-Copia-de-Post-de-Instagram-Feliz-Cumpleanos-Sencillo-Minimalista-Azul-1000-x-500-px-2026-04-09T094741.199.jpg","dum_api":{"author_name":"EFE","author_image":"https:\/\/deultimominuto.com\/wp-content\/uploads\/2021\/08\/1200px-EFE_logo.svg-96x96.png","categories_name":["International"],"featured_media_url":"https:\/\/cdn.deultimominuto.com\/en\/wp-content\/uploads\/sites\/2\/2026\/04\/Copia-de-Copia-de-Post-de-Instagram-Feliz-Cumpleanos-Sencillo-Minimalista-Azul-1000-x-500-px-2026-04-09T094741.199.jpg"},"_links":{"self":[{"href":"https:\/\/deultimominuto.com\/en\/wp-json\/wp\/v2\/posts\/504240","targetHints":{"allow":["GET"]}}],"collection":[{"href":"https:\/\/deultimominuto.com\/en\/wp-json\/wp\/v2\/posts"}],"about":[{"href":"https:\/\/deultimominuto.com\/en\/wp-json\/wp\/v2\/types\/post"}],"author":[{"embeddable":true,"href":"https:\/\/deultimominuto.com\/en\/wp-json\/wp\/v2\/users\/3"}],"replies":[{"embeddable":true,"href":"https:\/\/deultimominuto.com\/en\/wp-json\/wp\/v2\/comments?post=504240"}],"version-history":[{"count":0,"href":"https:\/\/deultimominuto.com\/en\/wp-json\/wp\/v2\/posts\/504240\/revisions"}],"wp:featuredmedia":[{"embeddable":true,"href":"https:\/\/deultimominuto.com\/en\/wp-json\/wp\/v2\/media\/504241"}],"wp:attachment":[{"href":"https:\/\/deultimominuto.com\/en\/wp-json\/wp\/v2\/media?parent=504240"}],"wp:term":[{"taxonomy":"category","embeddable":true,"href":"https:\/\/deultimominuto.com\/en\/wp-json\/wp\/v2\/categories?post=504240"},{"taxonomy":"post_tag","embeddable":true,"href":"https:\/\/deultimominuto.com\/en\/wp-json\/wp\/v2\/tags?post=504240"}],"curies":[{"name":"wp","href":"https:\/\/api.w.org\/{rel}","templated":true}]}}