{"id":504337,"date":"2026-04-09T21:37:40","date_gmt":"2026-04-10T01:37:40","guid":{"rendered":"https:\/\/deultimominuto.net\/en\/uncategorized\/argentina-enfrentara-a-honduras-e-islandia-antes-del-mundial-2026\/"},"modified":"2026-04-09T21:37:40","modified_gmt":"2026-04-10T01:37:40","slug":"argentina-enfrentara-a-honduras-e-islandia-antes-del-mundial-2026","status":"publish","type":"post","link":"https:\/\/deultimominuto.com\/en\/sports\/football\/argentina-enfrentara-a-honduras-e-islandia-antes-del-mundial-2026\/","title":{"rendered":"Argentina enfrentar\u00e1 a Honduras e Islandia antes del Mundial 2026"},"content":{"rendered":"\n<p class=\"wp-block-paragraph\"><strong>BUENOS AIRES.<\/strong> \u2014 La Selecci\u00f3n de f\u00fatbol de Argentina disputar\u00e1 dos partidos amistosos ante Selecci\u00f3n de f\u00fatbol de Honduras e Selecci\u00f3n de f\u00fatbol de Islandia como parte de su preparaci\u00f3n final para la Copa Mundial de la FIFA 2026, seg\u00fan inform\u00f3 la Asociaci\u00f3n del F\u00fatbol Argentino (AFA).<\/p>\n\n\n\n<p class=\"wp-block-paragraph\"><strong>Te puede interesar<\/strong>: <a href=\"https:\/\/ab.deultimominuto.net\/deportes\/hospitalizan-a-la-leyenda-del-ciclismo-eddy-merckx-por-infeccion-en-la-cadera\/\" target=\"_blank\" rel=\"noopener\">Hospitalizan a la leyenda del ciclismo Eddy Merckx por infecci\u00f3n en la cadera<\/a><\/p>\n\n\n\n<p class=\"wp-block-paragraph\">Los encuentros se celebrar\u00e1n en Estados Unidos y servir\u00e1n al t\u00e9cnico Lionel Scaloni para ajustar los \u00faltimos detalles antes del inicio del torneo, previsto para el 11 de junio.<\/p>\n\n\n\n<p class=\"wp-block-paragraph\">El primero de los compromisos ser\u00e1 el s\u00e1bado 6 de junio frente a Honduras en el Kyle Field, en Texas. Posteriormente, el martes 9 de junio, la Albiceleste se medir\u00e1 a Islandia en el Jordan-Hare Stadium, en Alabama.<\/p>\n\n\n\n<p class=\"wp-block-paragraph\">Estos duelos ser\u00e1n los \u00faltimos ensayos del conjunto argentino antes de su debut mundialista, tras haber cerrado su preparaci\u00f3n en casa con victorias recientes ante Mauritania y Zambia en Buenos Aires.<\/p>\n\n\n\n<p class=\"wp-block-paragraph\">El equipo liderado por Lionel Messi se instalar\u00e1 en Kansas City durante la fase inicial del campeonato, donde buscar\u00e1 revalidar el t\u00edtulo conquistado en el Mundial de Catar 2022.<\/p>\n\n\n\n<p class=\"wp-block-paragraph\">Argentina debutar\u00e1 el 16 de junio ante Argelia en el Arrowhead Stadium. Luego enfrentar\u00e1 a Austria el 22 de junio en el AT&amp;T Stadium de Dallas, escenario donde tambi\u00e9n cerrar\u00e1 la fase de grupos el 27 de junio frente a Jordania.<\/p>\n","protected":false},"excerpt":{"rendered":"<p>BUENOS AIRES. \u2014 La Selecci\u00f3n de f\u00fatbol de Argentina disputar\u00e1 dos partidos amistosos ante Selecci\u00f3n de f\u00fatbol de Honduras e Selecci\u00f3n de f\u00fatbol de Islandia como parte de su preparaci\u00f3n final para la Copa Mundial de la FIFA 2026, seg\u00fan inform\u00f3 la Asociaci\u00f3n del F\u00fatbol Argentino (AFA). Te puede interesar: Hospitalizan a la leyenda del [&hellip;]<\/p>\n","protected":false},"author":3,"featured_media":504338,"comment_status":"open","ping_status":"open","sticky":false,"template":"","format":"standard","meta":{"_acf_changed":false,"_jetpack_newsletter_access":"","_jetpack_dont_email_post_to_subs":false,"_jetpack_newsletter_tier_id":0,"_jetpack_memberships_contains_paywalled_content":false,"_jetpack_memberships_contains_paid_content":false,"footnotes":"","_members_access_role":[],"_members_access_error":""},"categories":[40943],"tags":[611,40420,132],"class_list":["post-504337","post","type-post","status-publish","format-standard","has-post-thumbnail","category-football","tag-deultimominuto","tag-elperiodicodelaverdad","tag-republica-dominicana"],"acf":[],"jetpack_sharing_enabled":true,"jetpack_shortlink":"https:\/\/wp.me\/phj1q1-27ct","jetpack_featured_media_url":"https:\/\/deultimominuto.com\/en\/wp-content\/uploads\/sites\/2\/2026\/04\/Argentina-amistosos-Mundial-1.jpeg","dum_api":{"author_name":"EFE","author_image":"https:\/\/deultimominuto.com\/wp-content\/uploads\/2021\/08\/1200px-EFE_logo.svg-96x96.png","categories_name":["Football"],"featured_media_url":"https:\/\/cdn.deultimominuto.com\/en\/wp-content\/uploads\/sites\/2\/2026\/04\/Argentina-amistosos-Mundial-1.jpeg"},"_links":{"self":[{"href":"https:\/\/deultimominuto.com\/en\/wp-json\/wp\/v2\/posts\/504337","targetHints":{"allow":["GET"]}}],"collection":[{"href":"https:\/\/deultimominuto.com\/en\/wp-json\/wp\/v2\/posts"}],"about":[{"href":"https:\/\/deultimominuto.com\/en\/wp-json\/wp\/v2\/types\/post"}],"author":[{"embeddable":true,"href":"https:\/\/deultimominuto.com\/en\/wp-json\/wp\/v2\/users\/3"}],"replies":[{"embeddable":true,"href":"https:\/\/deultimominuto.com\/en\/wp-json\/wp\/v2\/comments?post=504337"}],"version-history":[{"count":0,"href":"https:\/\/deultimominuto.com\/en\/wp-json\/wp\/v2\/posts\/504337\/revisions"}],"wp:featuredmedia":[{"embeddable":true,"href":"https:\/\/deultimominuto.com\/en\/wp-json\/wp\/v2\/media\/504338"}],"wp:attachment":[{"href":"https:\/\/deultimominuto.com\/en\/wp-json\/wp\/v2\/media?parent=504337"}],"wp:term":[{"taxonomy":"category","embeddable":true,"href":"https:\/\/deultimominuto.com\/en\/wp-json\/wp\/v2\/categories?post=504337"},{"taxonomy":"post_tag","embeddable":true,"href":"https:\/\/deultimominuto.com\/en\/wp-json\/wp\/v2\/tags?post=504337"}],"curies":[{"name":"wp","href":"https:\/\/api.w.org\/{rel}","templated":true}]}}