{"id":505899,"date":"2026-04-27T16:21:05","date_gmt":"2026-04-27T20:21:05","guid":{"rendered":"https:\/\/deultimominuto.net\/en\/uncategorized\/defense-alleges-misperception-of-the-accused-in-the-case-of-the-death-of-a-garbage-collector-in-santiago\/"},"modified":"2026-04-27T16:21:05","modified_gmt":"2026-04-27T20:21:05","slug":"defense-alleges-misperception-of-the-accused-in-the-case-of-the-death-of-a-garbage-collector-in-santiago","status":"publish","type":"post","link":"https:\/\/deultimominuto.com\/en\/uncategorized\/defense-alleges-misperception-of-the-accused-in-the-case-of-the-death-of-a-garbage-collector-in-santiago\/","title":{"rendered":"Defense alleges &#8220;misperception&#8221; of the accused in the case of the death of a garbage collector in Santiago"},"content":{"rendered":"<strong>Santiago.<\/strong> \u2013 The coordinating judge of the Instruction Courts, Jos\u00e9 Rafael de As\u00eds Burgos, ordered preventive detention this Monday against seven men accused of participating in the death of garbage collector Deivy Carlos Abreu Quezada, which occurred after a traffic conflict with a motorcyclist in this city.\n\nThe defendants, identified as Adony Antonio Ure\u00f1a Ventura, Andr\u00e9s Moncl\u00fa Gonz\u00e1lez, Carlos Andr\u00e9s Roa Mor\u00e1n, Miguel Garc\u00eda Balbuena, Joanfry Joel N\u00fa\u00f1ez, Juan Carlos Soto Ortiz and Kevin Francisco Metz Cruz, were sent to the Rafey Men&#8217;s Correction and Rehabilitation Center, while the Public Ministry continues the investigations of the case.\n\nAccording to the authorities, the incident originated from a vehicular collision that led to a collective assault against the victim, who worked as a driver of a garbage collection truck. The incident, which was recorded on video, shows how several individuals reacted violently without clearly knowing the prior circumstances of the altercation.\n\n\n<p class=\"wp-block-paragraph\"><strong>We recommend reading<a href=\"https:\/\/ab.deultimominuto.net\/enlaces\/\" data-type=\"page\" data-id=\"491852\" target=\"_blank\" rel=\"noopener\">:Three months of preventive prison is ordered for those involved in the death of a driver in Santiago<\/a><\/strong><\/p>\n\n\n\n<p class=\"wp-block-paragraph\">After the hearing, lawyer Rusell Aracena, representing one of the accused, explained that his client acted under a misperception of the facts, believing that the victim had committed a serious offense. However, he acknowledged that the reaction was disproportionate and that the actions of those involved generated severe legal consequences.<\/p>\n\n\nThe court considered that the defendants&#8217; conduct showed a lack of control and respect for public order, even in the vicinity of the Courthouse, which justified the imposition of the most severe coercive measure.\n\nFurthermore, the Public Ministry maintained that this case sends a clear message to the citizenry about the legal consequences of violent acts, even when these arise from seemingly minor situations.\n\nThe defense indicated that it will seek to provide new evidence to obtain a less severe legal qualification in favor of its clients, while the judicial process advances.","protected":false},"excerpt":{"rendered":"<p>Santiago. \u2013 The coordinating judge of the Instruction Courts, Jos\u00e9 Rafael de As\u00eds Burgos, ordered preventive detention this Monday against seven men accused of participating in the death of garbage collector Deivy Carlos Abreu Quezada, which occurred after a traffic conflict with a motorcyclist in this city. The defendants, identified as Adony Antonio Ure\u00f1a Ventura, [&hellip;]<\/p>\n","protected":false},"author":111,"featured_media":0,"comment_status":"open","ping_status":"open","sticky":false,"template":"","format":"standard","meta":{"_acf_changed":false,"_jetpack_newsletter_access":"","_jetpack_dont_email_post_to_subs":false,"_jetpack_newsletter_tier_id":0,"_jetpack_memberships_contains_paywalled_content":false,"_jetpack_memberships_contains_paid_content":false,"footnotes":"","_members_access_role":[],"_members_access_error":""},"categories":[1],"tags":[],"class_list":["post-505899","post","type-post","status-publish","format-standard","category-uncategorized"],"acf":[],"jetpack_sharing_enabled":true,"jetpack_shortlink":"https:\/\/wp.me\/phj1q1-27BF","jetpack_featured_media_url":"","dum_api":{"author_name":"Ana Laura L\u00f3pez","author_image":"https:\/\/deultimominuto.com\/wp-content\/uploads\/2025\/01\/cropped-WhatsApp-Image-2025-01-29-at-1.45.56-PM-96x96.jpeg","categories_name":["Uncategorized"],"featured_media_url":null},"_links":{"self":[{"href":"https:\/\/deultimominuto.com\/en\/wp-json\/wp\/v2\/posts\/505899","targetHints":{"allow":["GET"]}}],"collection":[{"href":"https:\/\/deultimominuto.com\/en\/wp-json\/wp\/v2\/posts"}],"about":[{"href":"https:\/\/deultimominuto.com\/en\/wp-json\/wp\/v2\/types\/post"}],"author":[{"embeddable":true,"href":"https:\/\/deultimominuto.com\/en\/wp-json\/wp\/v2\/users\/111"}],"replies":[{"embeddable":true,"href":"https:\/\/deultimominuto.com\/en\/wp-json\/wp\/v2\/comments?post=505899"}],"version-history":[{"count":0,"href":"https:\/\/deultimominuto.com\/en\/wp-json\/wp\/v2\/posts\/505899\/revisions"}],"wp:attachment":[{"href":"https:\/\/deultimominuto.com\/en\/wp-json\/wp\/v2\/media?parent=505899"}],"wp:term":[{"taxonomy":"category","embeddable":true,"href":"https:\/\/deultimominuto.com\/en\/wp-json\/wp\/v2\/categories?post=505899"},{"taxonomy":"post_tag","embeddable":true,"href":"https:\/\/deultimominuto.com\/en\/wp-json\/wp\/v2\/tags?post=505899"}],"curies":[{"name":"wp","href":"https:\/\/api.w.org\/{rel}","templated":true}]}}