{"id":506029,"date":"2026-04-28T17:13:15","date_gmt":"2026-04-28T21:13:15","guid":{"rendered":"https:\/\/deultimominuto.net\/en\/uncategorized\/hector-acosta-and-the-mayor-of-belleville-deliver-an-ambulance-in-maimon\/"},"modified":"2026-04-28T17:13:15","modified_gmt":"2026-04-28T21:13:15","slug":"hector-acosta-and-the-mayor-of-belleville-deliver-an-ambulance-in-maimon","status":"publish","type":"post","link":"https:\/\/deultimominuto.com\/en\/uncategorized\/hector-acosta-and-the-mayor-of-belleville-deliver-an-ambulance-in-maimon\/","title":{"rendered":"H\u00e9ctor Acosta and the mayor of Belleville deliver an ambulance in Maim\u00f3n"},"content":{"rendered":"\n<p class=\"wp-block-paragraph\"><strong>By: Daniel Reyes<\/strong><\/p>\n\n\n\n<p class=\"wp-block-paragraph\"><strong>Maim\u00f3n, Monse\u00f1or Nouel.<\/strong> \u2014 The senator of the province of Monse\u00f1or Nouel, H\u00e9ctor Acosta, led the delivery of an ambulance to the Municipal Hospital of Maim\u00f3n, in an initiative managed through the mayor of Belleville, Michael Melham, with the support of the Organization of Dominican Officials of New Jersey.<\/p>\n\n\nThe event was attended by the Deputy Mayor of Belleville, Naomi De Pe\u00f1a; the provincial governor, Adela Tejada; the mayor of Maim\u00f3n; the director of CORAMON, C\u00e9sar Cerda; as well as the director of the benefited health center.\n\nDuring the activity, Senator H\u00e9ctor Acosta also presented three special recognitions to Mayor Michael Melham, Deputy Mayor Naomi De Pe\u00f1a, and Mar\u00eda Tejada, representing the Dominican Officers Organization of New Jersey, for their dedication and commitment to making the arrival of this ambulance to the municipality of Maim\u00f3n possible.\n\nWe recommend reading:\n\nLocal authorities expressed their gratitude to the senator, the officers&#8217; organization, and Mayor Melham for this important contribution. They highlighted that previously the municipality faced limitations in emergency care, depending in many cases on private ambulances to offer the service.\n\n&#8220;With this new unit, we now have two ambulances, which will allow us to provide a faster and more efficient response to the population,&#8221; they noted, highlighting the positive impact of this donation on the quality of health services.\n\nOn his part, Mayor Michael Melham expressed that &#8220;when an ambulance arrives, it&#8217;s not just a vehicle, it&#8217;s hope,&#8221; while valuing the efforts made by Senator Acosta to channel this aid. &#8220;We are here because we know it saves lives. Thanks to the &#8216;Torito&#8217; for knocking on our doors and making us part of this cause so necessary for those most in need,&#8221; he affirmed.\n\nThe ambulance was delivered fully equipped, with its registration up to date and the fuel tank full, ready to be put into operation immediately and reinforce the response capacity of the Municipal Hospital of Maim\u00f3n in the face of any emergency.","protected":false},"excerpt":{"rendered":"<p>By: Daniel Reyes Maim\u00f3n, Monse\u00f1or Nouel. \u2014 The senator of the province of Monse\u00f1or Nouel, H\u00e9ctor Acosta, led the delivery of an ambulance to the Municipal Hospital of Maim\u00f3n, in an initiative managed through the mayor of Belleville, Michael Melham, with the support of the Organization of Dominican Officials of New Jersey. The event was [&hellip;]<\/p>\n","protected":false},"author":111,"featured_media":0,"comment_status":"open","ping_status":"open","sticky":false,"template":"","format":"standard","meta":{"_acf_changed":false,"_jetpack_newsletter_access":"","_jetpack_dont_email_post_to_subs":false,"_jetpack_newsletter_tier_id":0,"_jetpack_memberships_contains_paywalled_content":false,"_jetpack_memberships_contains_paid_content":false,"footnotes":"","_members_access_role":[],"_members_access_error":""},"categories":[1],"tags":[],"class_list":["post-506029","post","type-post","status-publish","format-standard","category-uncategorized"],"acf":[],"jetpack_sharing_enabled":true,"jetpack_shortlink":"https:\/\/wp.me\/phj1q1-27DL","jetpack_featured_media_url":"","dum_api":{"author_name":"Ana Laura L\u00f3pez","author_image":"https:\/\/deultimominuto.com\/wp-content\/uploads\/2025\/01\/cropped-WhatsApp-Image-2025-01-29-at-1.45.56-PM-96x96.jpeg","categories_name":["Uncategorized"],"featured_media_url":null},"_links":{"self":[{"href":"https:\/\/deultimominuto.com\/en\/wp-json\/wp\/v2\/posts\/506029","targetHints":{"allow":["GET"]}}],"collection":[{"href":"https:\/\/deultimominuto.com\/en\/wp-json\/wp\/v2\/posts"}],"about":[{"href":"https:\/\/deultimominuto.com\/en\/wp-json\/wp\/v2\/types\/post"}],"author":[{"embeddable":true,"href":"https:\/\/deultimominuto.com\/en\/wp-json\/wp\/v2\/users\/111"}],"replies":[{"embeddable":true,"href":"https:\/\/deultimominuto.com\/en\/wp-json\/wp\/v2\/comments?post=506029"}],"version-history":[{"count":0,"href":"https:\/\/deultimominuto.com\/en\/wp-json\/wp\/v2\/posts\/506029\/revisions"}],"wp:attachment":[{"href":"https:\/\/deultimominuto.com\/en\/wp-json\/wp\/v2\/media?parent=506029"}],"wp:term":[{"taxonomy":"category","embeddable":true,"href":"https:\/\/deultimominuto.com\/en\/wp-json\/wp\/v2\/categories?post=506029"},{"taxonomy":"post_tag","embeddable":true,"href":"https:\/\/deultimominuto.com\/en\/wp-json\/wp\/v2\/tags?post=506029"}],"curies":[{"name":"wp","href":"https:\/\/api.w.org\/{rel}","templated":true}]}}