{"id":506324,"date":"2026-04-30T21:11:09","date_gmt":"2026-05-01T01:11:09","guid":{"rendered":"https:\/\/deultimominuto.net\/en\/uncategorized\/noche-duerma-the-new-bet-of-dominican-television-will-premiere-this-monday-may-4th-on-rtvd\/"},"modified":"2026-04-30T21:11:09","modified_gmt":"2026-05-01T01:11:09","slug":"noche-duerma-the-new-bet-of-dominican-television-will-premiere-this-monday-may-4th-on-rtvd","status":"publish","type":"post","link":"https:\/\/deultimominuto.com\/en\/uncategorized\/noche-duerma-the-new-bet-of-dominican-television-will-premiere-this-monday-may-4th-on-rtvd\/","title":{"rendered":"\u201cNoche Duerma\u201d, the new bet of Dominican television, will premiere this Monday, May 4th on RTVD"},"content":{"rendered":"\n<p class=\"wp-block-paragraph\"><strong>Santo Domingo, RD.\u2013<\/strong> Dominican television nights are about to change. Starting this Monday, May 4, 2026, the public will be able to enjoy through Radio Televisi\u00f3n Dominicana (RTVD) an entertaining, musical, humorous and energetic proposal with the arrival of <strong>\u201cNoche Duerma\u201d<\/strong>, a program from the company De Los Mart\u00ed Producciones along with a stellar cast.<\/p>\n\n\nThe television space will be broadcast from Monday to Friday, from 8:00 to 10:00 at night, bringing to Dominican homes a proposal that invites you to laugh, dance, enjoy and close the day with good vibes.\n\nThe driving will be in charge of a cast that connects with the public: Rafa Bobadilla, Miguel Alc\u00e1ntara, Pamela De Le\u00f3n, Liondy Ozoria and Luis\u00edn Mart\u00ed, who will contribute their talents to achieve a greater connection with the audience.\n\nWith a mix of live music, humor, contests, and direct interaction with viewers, this new format aims to become one of the favorites of the Dominican family from studio A of RTVD, with a set design by Omar Mart\u00ed.\n\n\n<h4 class=\"wp-block-heading\"><strong>We recommend reading: <a href=\"https:\/\/ab.deultimominuto.net\/enlaces\/\" data-type=\"page\" data-id=\"491852\" target=\"_blank\" rel=\"noopener\">RTVD produces a special program as a prelude to the Vi\u00f1a del Mar Festival<\/a><\/strong><a href=\"https:\/\/ab.deultimominuto.net\/category\/entretenimiento\/\" target=\"_blank\" rel=\"noopener\"><\/a><\/h4>\n\n\nLive musical groups, special guests, live connections from different parts of the country and the active participation of the audience will also be part of this concept that celebrates Dominican identity: rhythm, joy, culture and the unique style of enjoying life &#8220;with flavor&#8221;.\n\n&#8220;Far from the traditional, &#8216;Noche Duerma&#8217; proposes a dynamic experience where each night will be different and the audience will have a leading role,&#8221; highlighted producer Luis\u00edn Mart\u00ed.\n\nThe general director of RTVD, Iv\u00e1n Ruiz, welcomed this new television proposal, which is part of the renewal of the channel&#8217;s programming, as part of the innovations implemented since his arrival to turn public television into an institution of pride for the Dominican people.","protected":false},"excerpt":{"rendered":"<p>Santo Domingo, RD.\u2013 Dominican television nights are about to change. Starting this Monday, May 4, 2026, the public will be able to enjoy through Radio Televisi\u00f3n Dominicana (RTVD) an entertaining, musical, humorous and energetic proposal with the arrival of \u201cNoche Duerma\u201d, a program from the company De Los Mart\u00ed Producciones along with a stellar cast. [&hellip;]<\/p>\n","protected":false},"author":111,"featured_media":0,"comment_status":"open","ping_status":"open","sticky":false,"template":"","format":"standard","meta":{"_acf_changed":false,"_jetpack_newsletter_access":"","_jetpack_dont_email_post_to_subs":false,"_jetpack_newsletter_tier_id":0,"_jetpack_memberships_contains_paywalled_content":false,"_jetpack_memberships_contains_paid_content":false,"footnotes":"","_members_access_role":[],"_members_access_error":""},"categories":[1],"tags":[],"class_list":["post-506324","post","type-post","status-publish","format-standard","category-uncategorized"],"acf":[],"jetpack_sharing_enabled":true,"jetpack_shortlink":"https:\/\/wp.me\/phj1q1-27Iw","jetpack_featured_media_url":"","dum_api":{"author_name":"Ana Laura L\u00f3pez","author_image":"https:\/\/deultimominuto.com\/wp-content\/uploads\/2025\/01\/cropped-WhatsApp-Image-2025-01-29-at-1.45.56-PM-96x96.jpeg","categories_name":["Uncategorized"],"featured_media_url":null},"_links":{"self":[{"href":"https:\/\/deultimominuto.com\/en\/wp-json\/wp\/v2\/posts\/506324","targetHints":{"allow":["GET"]}}],"collection":[{"href":"https:\/\/deultimominuto.com\/en\/wp-json\/wp\/v2\/posts"}],"about":[{"href":"https:\/\/deultimominuto.com\/en\/wp-json\/wp\/v2\/types\/post"}],"author":[{"embeddable":true,"href":"https:\/\/deultimominuto.com\/en\/wp-json\/wp\/v2\/users\/111"}],"replies":[{"embeddable":true,"href":"https:\/\/deultimominuto.com\/en\/wp-json\/wp\/v2\/comments?post=506324"}],"version-history":[{"count":0,"href":"https:\/\/deultimominuto.com\/en\/wp-json\/wp\/v2\/posts\/506324\/revisions"}],"wp:attachment":[{"href":"https:\/\/deultimominuto.com\/en\/wp-json\/wp\/v2\/media?parent=506324"}],"wp:term":[{"taxonomy":"category","embeddable":true,"href":"https:\/\/deultimominuto.com\/en\/wp-json\/wp\/v2\/categories?post=506324"},{"taxonomy":"post_tag","embeddable":true,"href":"https:\/\/deultimominuto.com\/en\/wp-json\/wp\/v2\/tags?post=506324"}],"curies":[{"name":"wp","href":"https:\/\/api.w.org\/{rel}","templated":true}]}}