{"id":506389,"date":"2026-05-01T17:21:54","date_gmt":"2026-05-01T21:21:54","guid":{"rendered":"https:\/\/deultimominuto.net\/en\/uncategorized\/carolina-mejia-strengthens-her-political-structure-with-a-schedule-of-meetings-in-bonao\/"},"modified":"2026-05-01T17:21:54","modified_gmt":"2026-05-01T21:21:54","slug":"carolina-mejia-strengthens-her-political-structure-with-a-schedule-of-meetings-in-bonao","status":"publish","type":"post","link":"https:\/\/deultimominuto.com\/en\/uncategorized\/carolina-mejia-strengthens-her-political-structure-with-a-schedule-of-meetings-in-bonao\/","title":{"rendered":"Carolina Mej\u00eda strengthens her political structure with a schedule of meetings in Bonao"},"content":{"rendered":"<strong>Santo Domingo.\u2014<\/strong> The presidential pre-candidate of the Modern Revolutionary Party (PRM), Carolina Mej\u00eda, developed this Friday an extensive agenda of meetings in the province of Monse\u00f1or Nouel, as part of the strengthening of its political structure in view of the internal aspirations of its organization.\n\nDuring her visit to Bonao, Mej\u00eda was received by Senator H\u00e9ctor Acosta and Representative Nolberto Ortiz at T\u00edpico Bonao Sur, from where she began a series of meetings with leaders and local figures.\n\nAs part of his agenda, he held meetings with lawyer Roberto Rosario, as well as with provincial leaders, including Sandro Ortiz, Leo Peralta, and Juan Pablo Hern\u00e1ndez.\n\nThe day will conclude with a meeting with the provincial team of the C28 movement, in an effort to consolidate support in that constituency.\n\n\n<h4 class=\"wp-block-heading\"><strong>We recommend reading: <a href=\"https:\/\/ab.deultimominuto.net\/enlaces\/\" data-type=\"page\" data-id=\"491852\" target=\"_blank\" rel=\"noopener\">Carolina Mej\u00eda highlights the impact of Centro Futuro on youth labor insertion during the 2025-2026 accountability report<\/a><\/strong><a href=\"https:\/\/ab.deultimominuto.net\/category\/nacionales\/\" target=\"_blank\" rel=\"noopener\"><\/a><\/h4>\n\n\nMej\u00eda has maintained a national tour in which he seeks to strengthen his political project, betting on consolidating himself as the figure that guarantees the continuity of the Modern Revolutionary Party in power beyond the year 2028.\n\nIn that context, she has received support from various internal sectors of the party, as well as from business actors and citizens who see in her figure a possible option to become the first female president of the Dominican Republic.","protected":false},"excerpt":{"rendered":"<p>Santo Domingo.\u2014 The presidential pre-candidate of the Modern Revolutionary Party (PRM), Carolina Mej\u00eda, developed this Friday an extensive agenda of meetings in the province of Monse\u00f1or Nouel, as part of the strengthening of its political structure in view of the internal aspirations of its organization. During her visit to Bonao, Mej\u00eda was received by Senator [&hellip;]<\/p>\n","protected":false},"author":111,"featured_media":0,"comment_status":"open","ping_status":"open","sticky":false,"template":"","format":"standard","meta":{"_acf_changed":false,"_jetpack_newsletter_access":"","_jetpack_dont_email_post_to_subs":false,"_jetpack_newsletter_tier_id":0,"_jetpack_memberships_contains_paywalled_content":false,"_jetpack_memberships_contains_paid_content":false,"footnotes":"","_members_access_role":[],"_members_access_error":""},"categories":[1],"tags":[],"class_list":["post-506389","post","type-post","status-publish","format-standard","category-uncategorized"],"acf":[],"jetpack_sharing_enabled":true,"jetpack_shortlink":"https:\/\/wp.me\/phj1q1-27Jz","jetpack_featured_media_url":"","dum_api":{"author_name":"Ana Laura L\u00f3pez","author_image":"https:\/\/deultimominuto.com\/wp-content\/uploads\/2025\/01\/cropped-WhatsApp-Image-2025-01-29-at-1.45.56-PM-96x96.jpeg","categories_name":["Uncategorized"],"featured_media_url":null},"_links":{"self":[{"href":"https:\/\/deultimominuto.com\/en\/wp-json\/wp\/v2\/posts\/506389","targetHints":{"allow":["GET"]}}],"collection":[{"href":"https:\/\/deultimominuto.com\/en\/wp-json\/wp\/v2\/posts"}],"about":[{"href":"https:\/\/deultimominuto.com\/en\/wp-json\/wp\/v2\/types\/post"}],"author":[{"embeddable":true,"href":"https:\/\/deultimominuto.com\/en\/wp-json\/wp\/v2\/users\/111"}],"replies":[{"embeddable":true,"href":"https:\/\/deultimominuto.com\/en\/wp-json\/wp\/v2\/comments?post=506389"}],"version-history":[{"count":0,"href":"https:\/\/deultimominuto.com\/en\/wp-json\/wp\/v2\/posts\/506389\/revisions"}],"wp:attachment":[{"href":"https:\/\/deultimominuto.com\/en\/wp-json\/wp\/v2\/media?parent=506389"}],"wp:term":[{"taxonomy":"category","embeddable":true,"href":"https:\/\/deultimominuto.com\/en\/wp-json\/wp\/v2\/categories?post=506389"},{"taxonomy":"post_tag","embeddable":true,"href":"https:\/\/deultimominuto.com\/en\/wp-json\/wp\/v2\/tags?post=506389"}],"curies":[{"name":"wp","href":"https:\/\/api.w.org\/{rel}","templated":true}]}}