{"id":506693,"date":"2026-05-05T23:07:54","date_gmt":"2026-05-06T03:07:54","guid":{"rendered":"https:\/\/deultimominuto.net\/en\/uncategorized\/the-president-of-guatemala-appoints-the-replacement-for-the-attorney-general-sanctioned-by-the-us-and-the-eu\/"},"modified":"2026-05-05T23:07:54","modified_gmt":"2026-05-06T03:07:54","slug":"the-president-of-guatemala-appoints-the-replacement-for-the-attorney-general-sanctioned-by-the-us-and-the-eu","status":"publish","type":"post","link":"https:\/\/deultimominuto.com\/en\/uncategorized\/the-president-of-guatemala-appoints-the-replacement-for-the-attorney-general-sanctioned-by-the-us-and-the-eu\/","title":{"rendered":"The President of Guatemala appoints the replacement for the Attorney General sanctioned by the US and the EU"},"content":{"rendered":"\n<p class=\"wp-block-paragraph\"><strong>Guatemala City.- <\/strong>Guatemala&#8217;s President, Bernardo Ar\u00e9valo de Le\u00f3n, on Tuesday chose lawyer Gabriel Estuardo Garc\u00eda Luna as the new Attorney General and head of the Public Ministry for the 2026-2030 period, replacing Consuelo Porras Argueta, sanctioned for corruption by the United States and the European Union.<\/p>\n\n\nThe decision, transcendental for the fight against corruption during the coming years in the Central American country, was announced by the president in a message to the nation where he said that he hopes that &#8220;this is the beginning of a new stage of justice&#8221; in Guatemala.\n\nAr\u00e9valo de Le\u00f3n opted for Garc\u00eda Luna from a list of six lawyers also composed of Julio C\u00e9sar Rivera Claver\u00eda, N\u00e9stor Guilebaldo de Le\u00f3n, Beyla Estrada Barrientos, Carlos Alberto Garc\u00eda Alvarado and C\u00e9sar Augusto \u00c1vila Aparicio.\n\n&#8220;This decision I have made guided by the conviction that I have as president of the imperative need to have people of integrity at the head of our institutions,&#8221; the ruler stated.\n\n&#8220;The Public Ministry receives a new authority that does not come to serve a president, the government of the day, or particular or spurious political interests,&#8221; he added.\n\nWe recommend reading:\n\n\n<h2 class=\"wp-block-heading\" id=\"h-quien-es-el-nuevo-fiscal-general-de-guatemala\"><strong>Who is the new Attorney General of Guatemala?<\/strong><\/h2>\n\n\nThe new attorney general began his career within the Judiciary 29 years ago, in 1997, as an official and court clerk, and then became a justice of the peace, a judge of first instance, and a magistrate of the Court in the criminal area.\n\nGraduated from Rafael Land\u00edvar University (private) and holds a doctorate in Law from the University of San Carlos (state), his profile as a judge is complemented by his teaching experience, giving undergraduate and master&#8217;s classes in both institutions.\n\nFurthermore, he has collaborated as an instructor at the School of Judicial Studies in the area of Criminal Law, was president of the Judicial Discipline Board, and also advisor to the Attorney General&#8217;s Office.\n\n&#8220;It&#8217;s time to leave that past behind. I wish Dr. Garc\u00eda Luna clarity, firmness, and serenity to assume the responsibility he receives,&#8221; added Ar\u00e9valo de Le\u00f3n.\n\nThe new head of the Public Ministry will take office on May 17th, replacing Porras Argueta, who held the position for eight years since 2018, marked by sanctions from the United States and the European Union, who have accused her of undermining democracy by attempting to overturn the 2023 election results and also under accusations of corruption in high-impact cases.\n\n\n<h2 class=\"wp-block-heading\" id=\"h-un-listado-de-seis-candidatos\"><strong>A list of six candidates<\/strong><\/h2>\n\n\nThe list of six final candidates was finalized by a Nomination commission, as established by Guatemalan law, from almost 80 applicants, in a process criticized by social organizations because the experience of those who have been judges was not taken into account as valid, which led to the discarding of several candidates.\n\nThe questions also took place about the Nomination Commission after applying Porras Argueta the highest score of all the applicants, even when his candidacy to be re-elected was challenged, due to accusations of plagiarizing his doctoral thesis.\n\nSeveral experts and social organizations had already warned that Garc\u00eda Luna was the best option for the position.\n\nThe fight against corruption in Guatemala peaked between 2014 and 2018 with prosecutor Thelma Aldana and the International Commission Against Impunity in Guatemala (CICIG), who uncovered more than a hundred cases of state bribery involving politicians and businessmen.\n\nHowever, after the arrival of Porras Argueta, a judicial persecution began against anti-corruption prosecutors, journalists, lawyers, and judges, who in the vast majority of cases had to go into exile.","protected":false},"excerpt":{"rendered":"<p>Guatemala City.- Guatemala&#8217;s President, Bernardo Ar\u00e9valo de Le\u00f3n, on Tuesday chose lawyer Gabriel Estuardo Garc\u00eda Luna as the new Attorney General and head of the Public Ministry for the 2026-2030 period, replacing Consuelo Porras Argueta, sanctioned for corruption by the United States and the European Union. The decision, transcendental for the fight against corruption during [&hellip;]<\/p>\n","protected":false},"author":133556,"featured_media":506694,"comment_status":"open","ping_status":"open","sticky":false,"template":"","format":"standard","meta":{"_acf_changed":false,"_jetpack_newsletter_access":"","_jetpack_dont_email_post_to_subs":false,"_jetpack_newsletter_tier_id":0,"_jetpack_memberships_contains_paywalled_content":false,"_jetpack_memberships_contains_paid_content":false,"footnotes":"","_members_access_role":[],"_members_access_error":""},"categories":[1],"tags":[],"class_list":["post-506693","post","type-post","status-publish","format-standard","has-post-thumbnail","category-uncategorized"],"acf":[],"jetpack_sharing_enabled":true,"jetpack_shortlink":"https:\/\/wp.me\/phj1q1-27Ot","jetpack_featured_media_url":"https:\/\/deultimominuto.com\/en\/wp-content\/uploads\/sites\/2\/2026\/05\/Gabriel_Estuardo_Garcia_Luna-_fiscal_Guatemala.webp","dum_api":{"author_name":"Yerandi Santana","author_image":"https:\/\/deultimominuto.com\/wp-content\/uploads\/2026\/02\/cropped-WhatsApp-Image-2026-02-13-at-5.35.07-PM-96x96.jpeg","categories_name":["Uncategorized"],"featured_media_url":"https:\/\/cdn.deultimominuto.com\/en\/wp-content\/uploads\/sites\/2\/2026\/05\/Gabriel_Estuardo_Garcia_Luna-_fiscal_Guatemala.webp"},"_links":{"self":[{"href":"https:\/\/deultimominuto.com\/en\/wp-json\/wp\/v2\/posts\/506693","targetHints":{"allow":["GET"]}}],"collection":[{"href":"https:\/\/deultimominuto.com\/en\/wp-json\/wp\/v2\/posts"}],"about":[{"href":"https:\/\/deultimominuto.com\/en\/wp-json\/wp\/v2\/types\/post"}],"author":[{"embeddable":true,"href":"https:\/\/deultimominuto.com\/en\/wp-json\/wp\/v2\/users\/133556"}],"replies":[{"embeddable":true,"href":"https:\/\/deultimominuto.com\/en\/wp-json\/wp\/v2\/comments?post=506693"}],"version-history":[{"count":0,"href":"https:\/\/deultimominuto.com\/en\/wp-json\/wp\/v2\/posts\/506693\/revisions"}],"wp:featuredmedia":[{"embeddable":true,"href":"https:\/\/deultimominuto.com\/en\/wp-json\/wp\/v2\/media\/506694"}],"wp:attachment":[{"href":"https:\/\/deultimominuto.com\/en\/wp-json\/wp\/v2\/media?parent=506693"}],"wp:term":[{"taxonomy":"category","embeddable":true,"href":"https:\/\/deultimominuto.com\/en\/wp-json\/wp\/v2\/categories?post=506693"},{"taxonomy":"post_tag","embeddable":true,"href":"https:\/\/deultimominuto.com\/en\/wp-json\/wp\/v2\/tags?post=506693"}],"curies":[{"name":"wp","href":"https:\/\/api.w.org\/{rel}","templated":true}]}}