{"id":506962,"date":"2026-05-08T14:08:02","date_gmt":"2026-05-08T18:08:02","guid":{"rendered":"https:\/\/deultimominuto.net\/en\/uncategorized\/a-change-in-fifa-rules-will-allow-otamendi-and-caicedo-to-play-the-first-match-in-the-world-cup\/"},"modified":"2026-05-08T14:08:02","modified_gmt":"2026-05-08T18:08:02","slug":"a-change-in-fifa-rules-will-allow-otamendi-and-caicedo-to-play-the-first-match-in-the-world-cup","status":"publish","type":"post","link":"https:\/\/deultimominuto.com\/en\/sports\/football\/a-change-in-fifa-rules-will-allow-otamendi-and-caicedo-to-play-the-first-match-in-the-world-cup\/","title":{"rendered":"A change in FIFA rules will allow Otamendi and Caicedo to play the first match in the World Cup"},"content":{"rendered":"\n<p class=\"wp-block-paragraph\"><\/p>\n\n\nBuenos Aires (EFE).- Argentine defender Nicol\u00e1s Otamendi and Ecuadorian midfielder Mois\u00e9s Caicedo will be able to play in the debut of their respective national teams in the 2026 World Cup, after a regulatory change by FIFA, which decided this Friday to nullify the fulfillment during the World Cup of suspensions for expulsions during the past qualifiers.\n\n\n<p class=\"wp-block-paragraph\"><strong>You may be interested in:<\/strong><a href=\"https:\/\/ab.deultimominuto.net\/deportes\/futbol\/estrenaran-documental-sobre-como-messi-eligio-jugar-con-argentina-y-no-con-espana\/\" target=\"_blank\" rel=\"noopener\"> A documentary will be released on how Messi chose to play with Argentina and not with Spain<\/a><\/p>\n\n\nAccording to a FIFA resolution replicated by the Argentine Football Association (AFA) &#8220;yellow cards will not be carried over to the final phase, nor will suspensions of one or two matches resulting from warnings in different matches of the preliminary phase, red cards for double warnings or direct red cards&#8221;. \n\nThe text specified that this decision will only apply in cases where expulsions have occurred &#8220;for having prevented a goal or a clear goal-scoring opportunity for the opposing team, or for a foul of extreme severity&#8221;.\n\n\n<figure class=\"wp-block-image\"><img decoding=\"async\" src=\"https:\/\/i0.wp.com\/efe.com\/wp-content\/uploads\/2026\/05\/Mundial-sancionados-2.webp?resize=900%2C599&amp;ssl=1\" alt=\"Un cambio en reglas de la FIFA permitir\u00e1 a Otamendi y Caicedo jugar el primer partido en el Mundial\" class=\"wp-image-2658587\" title=\"\"><figcaption class=\"wp-element-caption\">Fotograf\u00eda de archivo que muestra al \u00e1rbitro Wilmar Rold\u00e1n sancionar al jugador Mois\u00e9s Caicedo (i), de Ecuador, durante un partido por las eliminatorias a la Copa Mundial 2026. EFE\/ Jos\u00e9 J\u00e1come<\/figcaption><\/figure>\n\n\nThis regulatory change was approved by the FIFA Council Bureau and still needs to be ratified by the FIFA Council at its next session.\n\n\n<h2 class=\"wp-block-heading\" id=\"h-argentina-y-ecuador-recuperan-estrellas-para-debutar-en-el-mundial\">Argentina and Ecuador Recover Stars to Debut in the World Cup<\/h2>\n\n\nThis measure comes shortly after the AFA requested FIFA for an amnesty for Otamendi, who, like Caicedo, was sent off during the match between Argentina and Ecuador on September 9 in Guayaquil for the last matchday of<a href=\"https:\/\/efe.com\/deportes\/2025-09-05\/uruguay-colombia-y-paraguay-se-suman-al-mundial-2026\/\" target=\"_blank\" rel=\"noopener\">&nbsp;the South American qualifiers<\/a>, which culminated in a 1-0 victory for the home team.\n\nOtamendi, a player for Portuguese Benfica, <a href=\"https:\/\/efe.com\/deportes\/2026-05-08\/afa-pide-otamendi-debut-mundial-2026\/\" target=\"_blank\" rel=\"noopener\">received a straight red card for preventing a clear goal-scoring opportunity<\/a> and Caicedo, who plays for English Chelsea, for two yellow cards.\n\nArgentina is in Group J of the World Cup along with Algeria, Austria, and Jordan, and will debut on June 16 against the African team, a match for which another defender of the &#8216;Albiceleste&#8217;, Cristian &#8216;Cuti&#8217; Romero, is in doubt, who is recovering from an injury suffered last April and would arrive just in time.\n\nEcuador, for its part, is in Group E along with Germany, Ivory Coast and Curacao, and its debut will be on June 14 against the Ivorians.","protected":false},"excerpt":{"rendered":"<p>Buenos Aires (EFE).- Argentine defender Nicol\u00e1s Otamendi and Ecuadorian midfielder Mois\u00e9s Caicedo will be able to play in the debut of their respective national teams in the 2026 World Cup, after a regulatory change by FIFA, which decided this Friday to nullify the fulfillment during the World Cup of suspensions for expulsions during the past [&hellip;]<\/p>\n","protected":false},"author":3,"featured_media":506963,"comment_status":"open","ping_status":"open","sticky":false,"template":"","format":"standard","meta":{"_acf_changed":false,"_jetpack_newsletter_access":"","_jetpack_dont_email_post_to_subs":false,"_jetpack_newsletter_tier_id":0,"_jetpack_memberships_contains_paywalled_content":false,"_jetpack_memberships_contains_paid_content":false,"footnotes":"","_members_access_role":[],"_members_access_error":""},"categories":[40943],"tags":[611,40231,40853],"class_list":["post-506962","post","type-post","status-publish","format-standard","has-post-thumbnail","category-football","tag-deultimominuto","tag-dominican-republic","tag-thetruthnewspaper"],"acf":[],"jetpack_sharing_enabled":true,"jetpack_shortlink":"https:\/\/wp.me\/phj1q1-27SO","jetpack_featured_media_url":"https:\/\/deultimominuto.com\/en\/wp-content\/uploads\/sites\/2\/2026\/05\/Mundial-sancionados-1.webp","dum_api":{"author_name":"EFE","author_image":"https:\/\/deultimominuto.com\/wp-content\/uploads\/2021\/08\/1200px-EFE_logo.svg-96x96.png","categories_name":["Football"],"featured_media_url":"https:\/\/cdn.deultimominuto.com\/en\/wp-content\/uploads\/sites\/2\/2026\/05\/Mundial-sancionados-1.webp"},"_links":{"self":[{"href":"https:\/\/deultimominuto.com\/en\/wp-json\/wp\/v2\/posts\/506962","targetHints":{"allow":["GET"]}}],"collection":[{"href":"https:\/\/deultimominuto.com\/en\/wp-json\/wp\/v2\/posts"}],"about":[{"href":"https:\/\/deultimominuto.com\/en\/wp-json\/wp\/v2\/types\/post"}],"author":[{"embeddable":true,"href":"https:\/\/deultimominuto.com\/en\/wp-json\/wp\/v2\/users\/3"}],"replies":[{"embeddable":true,"href":"https:\/\/deultimominuto.com\/en\/wp-json\/wp\/v2\/comments?post=506962"}],"version-history":[{"count":0,"href":"https:\/\/deultimominuto.com\/en\/wp-json\/wp\/v2\/posts\/506962\/revisions"}],"wp:featuredmedia":[{"embeddable":true,"href":"https:\/\/deultimominuto.com\/en\/wp-json\/wp\/v2\/media\/506963"}],"wp:attachment":[{"href":"https:\/\/deultimominuto.com\/en\/wp-json\/wp\/v2\/media?parent=506962"}],"wp:term":[{"taxonomy":"category","embeddable":true,"href":"https:\/\/deultimominuto.com\/en\/wp-json\/wp\/v2\/categories?post=506962"},{"taxonomy":"post_tag","embeddable":true,"href":"https:\/\/deultimominuto.com\/en\/wp-json\/wp\/v2\/tags?post=506962"}],"curies":[{"name":"wp","href":"https:\/\/api.w.org\/{rel}","templated":true}]}}