{"id":506969,"date":"2026-05-08T15:17:43","date_gmt":"2026-05-08T19:17:43","guid":{"rendered":"https:\/\/deultimominuto.net\/en\/uncategorized\/great-grandfather-of-boy-found-dead-in-hato-damas-says-more-than-1-young-person-involved-in-the-incident\/"},"modified":"2026-05-08T15:17:43","modified_gmt":"2026-05-08T19:17:43","slug":"great-grandfather-of-boy-found-dead-in-hato-damas-says-more-than-1-young-person-involved-in-the-incident","status":"publish","type":"post","link":"https:\/\/deultimominuto.com\/en\/uncategorized\/great-grandfather-of-boy-found-dead-in-hato-damas-says-more-than-1-young-person-involved-in-the-incident\/","title":{"rendered":"Great-grandfather of boy found dead in Hato Damas says more than 1 young person involved in the incident"},"content":{"rendered":"<strong>Hato Damas, San Crist\u00f3bal<\/strong>.- Cipri\u00e1n Pineda, great-grandfather of the child <strong>Raudier Steben Mart\u00ednez<\/strong> <strong>Corpor\u00e1n<\/strong>, 10 years old, <strong>demanded<\/strong> this Friday <strong>justice<\/strong> for the <strong>death<\/strong> of the <strong>minor<\/strong> and asked that the case be taken \u201c<strong>to the ultimate consequences<\/strong>\u201d, indicating that more than 1 young person is involved.\n\nAmidst the pain that engulfs the family while they await the delivery of the body to mourn it at their residence in Hato Damas, San Crist\u00f3bal province, the man demanded that the authorities deepen the investigations and determine if there are more people involved in the crime.\n\n\u201c<strong>The one who is imprisoned has to say who he was with, because he killed an innocent child of just 10 years old. What we want is justice and that the maximum penalty be imposed<\/strong>\u201d, he expressed.\n\n\n<h5 class=\"wp-block-heading\"><strong>We recommend reading: <a href=\"https:\/\/ab.deultimominuto.net\/nacionales\/nino-hallado-muerto-en-hato-damas\/\" target=\"_blank\" rel=\"noopener\">Mother of child found dead in Hato Damas cries out for justice: \u201cMay this not be left like this\u201d<\/a><\/strong><\/h5>\n\n\nPineda also questioned whether the investigated teenager should be treated as a minor, alleging that he had previously been detained for robbery.\n\n\u201c<strong>That is in the hands of justice. Justice has to do its job, because the one who is imprisoned has to say how many were those who killed that child<\/strong>\u201d, he stated.\n\nHe also described with indignation the conditions in which the minor&#8217;s body was found, assuring that the event has caused shock and consternation throughout the community.\n\nThe <strong><a href=\"https:\/\/www.policianacional.gob.do\/\" target=\"_blank\" rel=\"noopener\">National Police<\/a><\/strong> reported that it is investigating a 14-year-old teenager, who was allegedly the last person seen with the child before his disappearance. The case is being handled by the competent authorities of the jurisdiction of children and adolescents.\n\nRaudier Steben Mart\u00ednez had been reported missing since Wednesday afternoon and was found dead on Thursday in the Reja stream, in Hato Damas.","protected":false},"excerpt":{"rendered":"<p>Hato Damas, San Crist\u00f3bal.- Cipri\u00e1n Pineda, great-grandfather of the child Raudier Steben Mart\u00ednez Corpor\u00e1n, 10 years old, demanded this Friday justice for the death of the minor and asked that the case be taken \u201cto the ultimate consequences\u201d, indicating that more than 1 young person is involved. Amidst the pain that engulfs the family while [&hellip;]<\/p>\n","protected":false},"author":111,"featured_media":0,"comment_status":"open","ping_status":"open","sticky":false,"template":"","format":"standard","meta":{"_acf_changed":false,"_jetpack_newsletter_access":"","_jetpack_dont_email_post_to_subs":false,"_jetpack_newsletter_tier_id":0,"_jetpack_memberships_contains_paywalled_content":false,"_jetpack_memberships_contains_paid_content":false,"footnotes":"","_members_access_role":[],"_members_access_error":""},"categories":[1],"tags":[],"class_list":["post-506969","post","type-post","status-publish","format-standard","category-uncategorized"],"acf":[],"jetpack_sharing_enabled":true,"jetpack_shortlink":"https:\/\/wp.me\/phj1q1-27SV","jetpack_featured_media_url":"","dum_api":{"author_name":"Ana Laura L\u00f3pez","author_image":"https:\/\/deultimominuto.com\/wp-content\/uploads\/2025\/01\/cropped-WhatsApp-Image-2025-01-29-at-1.45.56-PM-96x96.jpeg","categories_name":["Uncategorized"],"featured_media_url":null},"_links":{"self":[{"href":"https:\/\/deultimominuto.com\/en\/wp-json\/wp\/v2\/posts\/506969","targetHints":{"allow":["GET"]}}],"collection":[{"href":"https:\/\/deultimominuto.com\/en\/wp-json\/wp\/v2\/posts"}],"about":[{"href":"https:\/\/deultimominuto.com\/en\/wp-json\/wp\/v2\/types\/post"}],"author":[{"embeddable":true,"href":"https:\/\/deultimominuto.com\/en\/wp-json\/wp\/v2\/users\/111"}],"replies":[{"embeddable":true,"href":"https:\/\/deultimominuto.com\/en\/wp-json\/wp\/v2\/comments?post=506969"}],"version-history":[{"count":0,"href":"https:\/\/deultimominuto.com\/en\/wp-json\/wp\/v2\/posts\/506969\/revisions"}],"wp:attachment":[{"href":"https:\/\/deultimominuto.com\/en\/wp-json\/wp\/v2\/media?parent=506969"}],"wp:term":[{"taxonomy":"category","embeddable":true,"href":"https:\/\/deultimominuto.com\/en\/wp-json\/wp\/v2\/categories?post=506969"},{"taxonomy":"post_tag","embeddable":true,"href":"https:\/\/deultimominuto.com\/en\/wp-json\/wp\/v2\/tags?post=506969"}],"curies":[{"name":"wp","href":"https:\/\/api.w.org\/{rel}","templated":true}]}}