{"id":508307,"date":"2026-05-21T20:23:26","date_gmt":"2026-05-22T00:23:26","guid":{"rendered":"https:\/\/deultimominuto.net\/en\/uncategorized\/santiago-was-the-scene-of-the-presentation-of-the-candidates-for-miss-dominican-republic-2026\/"},"modified":"2026-05-21T20:23:26","modified_gmt":"2026-05-22T00:23:26","slug":"santiago-was-the-scene-of-the-presentation-of-the-candidates-for-miss-dominican-republic-2026","status":"publish","type":"post","link":"https:\/\/deultimominuto.com\/en\/entertainment\/santiago-was-the-scene-of-the-presentation-of-the-candidates-for-miss-dominican-republic-2026\/","title":{"rendered":"Santiago was the scene of the presentation of the candidates for Miss Dominican Republic 2026"},"content":{"rendered":"Santiago de los Caballeros, May 2026 \u2014 Santiago became the great epicenter of beauty, culture, and Dominican pride, by receiving the official presentation of the first group of candidates for the Miss Dominican Republic 2026 national beauty contest, within the framework of the commemoration of the 70th anniversary of the organization.\n\nThe honorable mayor of Santiago, Jos\u00e9 Ulises Rodr\u00edguez, officially welcomed the young women who proudly represent the different municipalities and provinces of the country, thus giving the starting signal to a historic edition of the most important beauty contest in the nation.\n\n\n<p class=\"wp-block-paragraph\"><strong>You may be interested in:<\/strong> <a href=\"https:\/\/ab.deultimominuto.net\/entretenimiento\/santiago-matias-celinee-santos\/\" data-type=\"post\" data-id=\"656619\" target=\"_blank\" rel=\"noopener\">Santiago Mat\u00edas calls on his fanbase to vote for Celinee Santos<\/a><\/p>\n\n\nAmong the delegations presented were the representatives of Santiago, Santo Domingo de Guzm\u00e1n, Peravia, Santiago Rodr\u00edguez, Santiago de los Caballeros, San Jos\u00e9 de Ocoa, Monte Plata, Hato Mayor, San Pedro de Macor\u00eds, Pedernales, San Francisco de Macor\u00eds, Hig\u00fcey, Bahoruco, La Romana, Duarte and Monse\u00f1or Nouel, among other national delegations.\n\nThe majestic Monument to the Heroes of the Restoration was dressed in elegance, glamour, and distinction. Illuminated in pink tones and adorned with seasonal flowers, the emblematic stage created a magical and unforgettable atmosphere, worthy of a historic night for Dominican beauty.\n\nThe evening had a massive attendance and the participation of prominent designers from the Dominican Republic, who showcased their talent by dressing the candidates with spectacular creations inspired by the Met Gala style. An imposing red carpet captured all eyes while the aspirants paraded among flashes, applause and the warmth of the Santiago public.\n\nAmong the special guests was the presence of Lcdo. Benny Metz, president of the National Disability Council (CONADIS), whose attendance reinforces the contest&#8217;s commitment to the cause of inclusion and support for people with disabilities, in tune with the creation of The House of Autism.\n\nThe night officially marked the beginning of the competitions for typical costume, swimsuit, evening gown and the grand final night, within the commemorative calendar of the 70 years of Miss Dominican Republic.\n\nThis year, the contest also raises a powerful social banner in support of the creation of La Casa del Autismo (The House of Autism), a project promoted by the president of the organization, Mrs. Magali Febles, with the purpose of providing early diagnosis, therapies, guidance and comprehensive support to children within the autism spectrum and their families.\n\n\n<blockquote class=\"wp-block-quote is-layout-flow wp-block-quote-is-layout-flow\">\n<p class=\"wp-block-paragraph\">&#8220;I want to leave a legacy for low-income families who cannot access early diagnoses, treatments, and therapies due to economic limitations. Children within the spectrum deserve a dignified life, opportunities, and a more conscious and supportive society. Our families also deserve support amidst so many sacrifices,&#8221; said Febles, president of Miss Dominican Republic.<\/p>\n<\/blockquote>\n\n\nIt was a night filled with emotion, identity, culture, and purpose, in which Santiago celebrated Dominican beauty with grace and deep patriotic feeling.\n\nMiss Dominican Republic 2026 will be broadcast on Color Visi\u00f3n, Channel 9, next July 30th starting at 8:00 PM.","protected":false},"excerpt":{"rendered":"<p>Santiago de los Caballeros, May 2026 \u2014 Santiago became the great epicenter of beauty, culture, and Dominican pride, by receiving the official presentation of the first group of candidates for the Miss Dominican Republic 2026 national beauty contest, within the framework of the commemoration of the 70th anniversary of the organization. The honorable mayor of [&hellip;]<\/p>\n","protected":false},"author":4,"featured_media":508308,"comment_status":"open","ping_status":"open","sticky":false,"template":"","format":"standard","meta":{"_acf_changed":false,"_jetpack_newsletter_access":"","_jetpack_dont_email_post_to_subs":false,"_jetpack_newsletter_tier_id":0,"_jetpack_memberships_contains_paywalled_content":false,"_jetpack_memberships_contains_paid_content":false,"footnotes":"","_members_access_role":[],"_members_access_error":""},"categories":[5],"tags":[43173,27329],"class_list":["post-508307","post","type-post","status-publish","format-standard","has-post-thumbnail","category-entertainment","tag-miss-dominican-republic","tag-santiago-de-los-caballeros"],"acf":[],"jetpack_sharing_enabled":true,"jetpack_shortlink":"https:\/\/wp.me\/phj1q1-28ev","jetpack_featured_media_url":"https:\/\/deultimominuto.com\/en\/wp-content\/uploads\/sites\/2\/2026\/05\/20345b62-e9a2-48e5-b694-56abf0fe683d.jpg","dum_api":{"author_name":"Redacci\u00f3n De \u00daltimo Minuto","author_image":"https:\/\/deultimominuto.com\/wp-content\/uploads\/2025\/02\/cropped-logo-de-ultimo-minuto-96x96.png","categories_name":["Entertainment"],"featured_media_url":"https:\/\/cdn.deultimominuto.com\/en\/wp-content\/uploads\/sites\/2\/2026\/05\/20345b62-e9a2-48e5-b694-56abf0fe683d.jpg"},"_links":{"self":[{"href":"https:\/\/deultimominuto.com\/en\/wp-json\/wp\/v2\/posts\/508307","targetHints":{"allow":["GET"]}}],"collection":[{"href":"https:\/\/deultimominuto.com\/en\/wp-json\/wp\/v2\/posts"}],"about":[{"href":"https:\/\/deultimominuto.com\/en\/wp-json\/wp\/v2\/types\/post"}],"author":[{"embeddable":true,"href":"https:\/\/deultimominuto.com\/en\/wp-json\/wp\/v2\/users\/4"}],"replies":[{"embeddable":true,"href":"https:\/\/deultimominuto.com\/en\/wp-json\/wp\/v2\/comments?post=508307"}],"version-history":[{"count":0,"href":"https:\/\/deultimominuto.com\/en\/wp-json\/wp\/v2\/posts\/508307\/revisions"}],"wp:featuredmedia":[{"embeddable":true,"href":"https:\/\/deultimominuto.com\/en\/wp-json\/wp\/v2\/media\/508308"}],"wp:attachment":[{"href":"https:\/\/deultimominuto.com\/en\/wp-json\/wp\/v2\/media?parent=508307"}],"wp:term":[{"taxonomy":"category","embeddable":true,"href":"https:\/\/deultimominuto.com\/en\/wp-json\/wp\/v2\/categories?post=508307"},{"taxonomy":"post_tag","embeddable":true,"href":"https:\/\/deultimominuto.com\/en\/wp-json\/wp\/v2\/tags?post=508307"}],"curies":[{"name":"wp","href":"https:\/\/api.w.org\/{rel}","templated":true}]}}