{"id":508378,"date":"2026-05-22T18:42:23","date_gmt":"2026-05-22T22:42:23","guid":{"rendered":"https:\/\/deultimominuto.net\/en\/uncategorized\/raquel-pena-shares-with-more-than-5000-mothers-in-barahona-during-the-mothers-who-sustain-day\/"},"modified":"2026-05-22T18:45:13","modified_gmt":"2026-05-22T22:45:13","slug":"raquel-pena-shares-with-more-than-5000-mothers-in-barahona-during-the-mothers-who-sustain-day","status":"publish","type":"post","link":"https:\/\/deultimominuto.com\/en\/uncategorized\/raquel-pena-shares-with-more-than-5000-mothers-in-barahona-during-the-mothers-who-sustain-day\/","title":{"rendered":"Raquel Pe\u00f1a shares with more than 5,000 mothers in Barahona during the &#8220;Mothers Who Sustain&#8221; day"},"content":{"rendered":"\n<p class=\"wp-block-paragraph\"><strong>Barahona<\/strong>.- The Vice President of the Republic, <strong>Raquel Pe\u00f1a<\/strong>, led this Friday in <strong>Barahona<\/strong> a new edition of the &#8220;<strong>Madres que Sostienen<\/strong>&#8221; (Mothers Who Support) day, an initiative promoted by the <strong>Government<\/strong> to recognize and support Dominican mothers in different provinces of the country.<\/p>\n\n\nThe activity brought together more than &#8220;5,000 mothers&#8221; in the Barahona sports center, where a meeting marked by recognition, closeness, and the delivery of social aid took place.\n\n\n<figure class=\"wp-block-image size-large\"><img decoding=\"async\" src=\"https:\/\/ab.deultimominuto.net\/wp-content\/uploads\/2026\/05\/0ed3f2ed-3178-4815-89f6-fd9bd8b86e0a-1024x683.jpg\" alt=\"\" class=\"wp-image-660534\" title=\"\"><\/figure>\n\n\nDuring his speech, Pe\u00f1a highlighted the fundamental role that mothers play in Dominican society and valued the daily effort of women who support their homes and accompany the growth of their children.\n\n\u201c<strong>This meeting is just a sample of all the pride that this government feels for Dominican mothers<\/strong>\u201d, expressed the vice president, while stating that \u201c<strong>mothers must be celebrated all year round<\/strong>\u201d. \n\n\n<h5 class=\"wp-block-heading\"><strong>We recommend reading: <a href=\"https:\/\/ab.deultimominuto.net\/nacionales\/raquel-pena-condena-aumento-de-feminicidios-y-admite-fallas-del-sistema-de-proteccion-a-las-mujeres\/\" target=\"_blank\" rel=\"noopener\">Raquel Pe\u00f1a condemns increase in femicides and admits failures of the women&#8217;s protection system<\/a><\/strong><\/h5>\n\n\nThe day is part of the national agenda developed through the Directorate of Social Assistance and Community Nutrition (DASAC), with the aim of providing support and accompaniment to mothers from different communities in the country.\n\nThe director of DASAC, Edgar F\u00e9lix Arbona, pointed out that the program represents a joint effort aimed at recognizing the essential role of Dominican mothers and maintaining closeness with families.\n\n\n<figure class=\"wp-block-image size-large\"><img decoding=\"async\" src=\"https:\/\/ab.deultimominuto.net\/wp-content\/uploads\/2026\/05\/ff6ca405-ff78-4aa5-b3e6-bc0a2b898864-1024x683.jpg\" alt=\"\" class=\"wp-image-660535\" title=\"\"><\/figure>\n\n\nAs part of the activity, appliances and household items were delivered, including refrigerators, stoves, fans, washing machines, beds, living room sets, and dining room sets. Food kits, baby baskets, and other essential items were also distributed.\n\nIn the act also participated the provincial governor, Oneida F\u00e9lix; the deputy director of DASAC, Luz Estrella; as well as mayors Hamilton Nin and M\u00edctor Fern\u00e1ndez, along with deputies, councilors and other authorities of the province.\n\n\n<figure class=\"wp-block-image size-large\"><img decoding=\"async\" src=\"https:\/\/ab.deultimominuto.net\/wp-content\/uploads\/2026\/05\/c910acfc-90ba-4c95-86b7-4e396dea18e9-1024x683.jpg\" alt=\"\" class=\"wp-image-660537\" title=\"\"><\/figure>\n","protected":false},"excerpt":{"rendered":"<p>Barahona.- The Vice President of the Republic, Raquel Pe\u00f1a, led this Friday in Barahona a new edition of the &#8220;Madres que Sostienen&#8221; (Mothers Who Support) day, an initiative promoted by the Government to recognize and support Dominican mothers in different provinces of the country. The activity brought together more than &#8220;5,000 mothers&#8221; in the Barahona [&hellip;]<\/p>\n","protected":false},"author":133558,"featured_media":0,"comment_status":"open","ping_status":"open","sticky":false,"template":"","format":"standard","meta":{"_acf_changed":false,"_jetpack_newsletter_access":"","_jetpack_dont_email_post_to_subs":false,"_jetpack_newsletter_tier_id":0,"_jetpack_memberships_contains_paywalled_content":false,"_jetpack_memberships_contains_paid_content":false,"footnotes":"","_members_access_role":[],"_members_access_error":""},"categories":[1],"tags":[],"class_list":["post-508378","post","type-post","status-publish","format-standard","category-uncategorized"],"acf":[],"jetpack_sharing_enabled":true,"jetpack_shortlink":"https:\/\/wp.me\/phj1q1-28fE","jetpack_featured_media_url":"","dum_api":{"author_name":"Linda Veras","author_image":"https:\/\/deultimominuto.com\/wp-content\/uploads\/2026\/05\/cropped-WhatsApp-Image-2026-05-11-at-9.59.54-PM-96x96.jpeg","categories_name":["Uncategorized"],"featured_media_url":null},"_links":{"self":[{"href":"https:\/\/deultimominuto.com\/en\/wp-json\/wp\/v2\/posts\/508378","targetHints":{"allow":["GET"]}}],"collection":[{"href":"https:\/\/deultimominuto.com\/en\/wp-json\/wp\/v2\/posts"}],"about":[{"href":"https:\/\/deultimominuto.com\/en\/wp-json\/wp\/v2\/types\/post"}],"author":[{"embeddable":true,"href":"https:\/\/deultimominuto.com\/en\/wp-json\/wp\/v2\/users\/133558"}],"replies":[{"embeddable":true,"href":"https:\/\/deultimominuto.com\/en\/wp-json\/wp\/v2\/comments?post=508378"}],"version-history":[{"count":0,"href":"https:\/\/deultimominuto.com\/en\/wp-json\/wp\/v2\/posts\/508378\/revisions"}],"wp:attachment":[{"href":"https:\/\/deultimominuto.com\/en\/wp-json\/wp\/v2\/media?parent=508378"}],"wp:term":[{"taxonomy":"category","embeddable":true,"href":"https:\/\/deultimominuto.com\/en\/wp-json\/wp\/v2\/categories?post=508378"},{"taxonomy":"post_tag","embeddable":true,"href":"https:\/\/deultimominuto.com\/en\/wp-json\/wp\/v2\/tags?post=508378"}],"curies":[{"name":"wp","href":"https:\/\/api.w.org\/{rel}","templated":true}]}}