{"id":508468,"date":"2026-05-24T13:46:02","date_gmt":"2026-05-24T17:46:02","guid":{"rendered":"https:\/\/deultimominuto.net\/en\/uncategorized\/isabel-pantoja-thrilled-the-hearts-of-dominicans-in-altos-de-chavon\/"},"modified":"2026-05-24T14:11:36","modified_gmt":"2026-05-24T18:11:36","slug":"isabel-pantoja-thrilled-the-hearts-of-dominicans-in-altos-de-chavon","status":"publish","type":"post","link":"https:\/\/deultimominuto.com\/en\/entertainment\/isabel-pantoja-thrilled-the-hearts-of-dominicans-in-altos-de-chavon\/","title":{"rendered":"Isabel Pantoja thrilled the hearts of Dominicans in Altos de Chav\u00f3n"},"content":{"rendered":"Altos de Chav\u00f3n, La Romana &#8211; At 9:15 at night, the renowned Spanish artist Isabel Pantoja took the stage at the Altos de Chav\u00f3n amphitheater, being received with ovation, applause and shouts from an audience that had been eager to see her for thirteen years. Pantoja began her performance by interpreting &#8220;Del olvido no me acuerdo&#8221;, a musical hit released in 2016, which marked the beginning of a memorable night, where the feeling, nostalgia and the profound lyrics, sung with Isabel&#8217;s well-cared-for voice, touched the hearts of all those present.\n\nAccompanied by the Santo Domingo Philharmonic Orchestra, other musical themes were added such as \u201cBuenos d\u00edas tristeza\u201d, \u201cNo discutamos\u201d, \u201cHazme tuya una vez m\u00e1s\u201d, \u201cNada\u201d, \u201cD\u00edmelo\u201d, \u201cHasta que se apague el sol\u201d and \u201cAbr\u00e1zame muy fuerte\u201d, a musical theme with which she remembered her dear friend, the great Juan Gabriel.\n\nIn addition to this were the songs \u201cAm\u00e9rica\u201d, \u201cMarinero de luces\u201d, \u201cPensando en ti\u201d, \u201cEra mi vida\u201d, \u201cHoy quiero confesar\u201d, \u201cA mi manera\u201d, \u201cQu\u00e9 voy a hacer contigo\u201d, \u201cEl moreno\u201d and \u201cSe me enamora el alma\u201d, among others, for a total of 21 songs in more than two hours of show.\n\n\n<p class=\"wp-block-paragraph\"><strong>You may be interested in:<\/strong> <a href=\"https:\/\/ab.deultimominuto.net\/entretenimiento\/fanaticos-de-isabel-pantoja\/\" data-type=\"post\" data-id=\"661177\" target=\"_blank\" rel=\"noopener\">Fans of all ages flock to Altos de Chav\u00f3n to enjoy Isabel Pantoja<\/a><\/p>\n\n\nFrom the beginning of the concert, Isabel showed her interpretative greatness, as well as an impressive stage presence, overflowing with elegance, grace and a powerful stage presence of her own, evidencing that, even 50 years later, these continue to be elements that stand out in her essence.\n\nThe connection with the audience was present at all times during Isabel&#8217;s concert. The artist showed her good sense of humor, joking about situations in her life, as well as maintaining a special closeness with the thousands of fans present.\n\n\n<figure class=\"wp-block-image size-large\"><img decoding=\"async\" src=\"https:\/\/ab.deultimominuto.net\/wp-content\/uploads\/2026\/05\/WhatsApp-Image-2026-05-24-at-1.40.19-PM-683x1024.jpeg\" alt=\"\" class=\"wp-image-661252\" title=\"\"><\/figure>\n\n\nIsabel publicly thanked the audience for supporting her throughout so many years of her career. In addition, she stated how special it was to be on the grand stage of Altos de Chav\u00f3n for the first time, taking the opportunity to confess that the rest and peace she has had in these last few days in the Dominican Republic is something that, she said, she had not experienced in almost all her life.\n\n\n<blockquote class=\"wp-block-quote is-layout-flow wp-block-quote-is-layout-flow\">\n<p class=\"wp-block-paragraph\">\u201cI am super happy to be here for the first time, in this wonderful place like Casa de Campo and Altos de Chav\u00f3n. It is an honor and I want to give, first of all, thanks from the bottom of my heart for the days I have spent here. They have been for me the most beautiful and happiest rest I have had in almost all my life,\u201d he expressed.<\/p>\n<\/blockquote>\n\n\nThe artist, visibly moved, was seen crying throughout the show, and she expressed that it is too special for her to receive the love and affection of the public so far from home, stating that perhaps in Spain it is normal to receive recognition and affection from people; however, traveling so many kilometers, crossing continents and passing so much water between one place and another to receive the love and support of the public is something very special, which is why it represented an important moment for her.\n\n\n<figure class=\"wp-block-image size-large\"><img decoding=\"async\" src=\"https:\/\/ab.deultimominuto.net\/wp-content\/uploads\/2026\/05\/WhatsApp-Image-2026-05-24-at-1.09.13-AM-1-1024x683.jpeg\" alt=\"\" class=\"wp-image-661170\" title=\"\"><\/figure>\n\n\nOne of the most special moments of the night occurred when a fan approached the stage and presented him with a Virgen de la Altagracia while he was performing his song \u201cVirgen del Roc\u00edo\u201d.\n\nThe gift, accompanied by a floral arrangement, deeply moved the artist, who could not hold back the tears at the gesture of the Dominican public. During the concert, Pantoja expressed that the Virgen de la Altagracia will have a special place on her altar &#8220;for the years I have left to live.&#8221;\n\n\n<blockquote class=\"wp-block-quote is-layout-flow wp-block-quote-is-layout-flow\">\n<p class=\"wp-block-paragraph\">&#8220;Little Virgin, give us health&#8230; this virgin is beautiful, I will have her with me on my altar, okay&#8230; for the years I have left she will be with me,&#8221; she said excitedly to those present.<\/p>\n<\/blockquote>\n\n\nOne of the most emotional moments of Isabel&#8217;s concert was when maestro Amaury S\u00e1nchez arrived on stage, who, together with the Santo Domingo Philharmonic, performed <strong><a href=\"https:\/\/www.youtube.com\/watch?v=I8gLa380bko&amp;list=RDI8gLa380bko&amp;start_radio=1\" data-type=\"link\" data-id=\"https:\/\/www.youtube.com\/watch?v=I8gLa380bko&amp;list=RDI8gLa380bko&amp;start_radio=1\" target=\"_blank\" rel=\"noopener\">\u201cAs\u00ed fue\u201d, <\/a><\/strong>with arrangements and a bachata version that surprised everyone present.\n\n\n<figure class=\"wp-block-image size-large\"><img decoding=\"async\" src=\"https:\/\/ab.deultimominuto.net\/wp-content\/uploads\/2026\/05\/WhatsApp-Image-2026-05-24-at-8.56.27-AM-1024x683.jpeg\" alt=\"\" class=\"wp-image-661158\" title=\"\"><\/figure>\n\n\nMaestro Amaury S\u00e1nchez and the Santo Domingo Philharmonic Orchestra made the Dominicans present at the concert of the Spanish music legend Isabel Pantoja in Altos de Chav\u00f3n feel great pride.\n\n\n<figure class=\"wp-block-image size-large\"><img decoding=\"async\" src=\"https:\/\/ab.deultimominuto.net\/wp-content\/uploads\/2026\/05\/WhatsApp-Image-2026-05-24-at-1.40.17-PM-1-1024x683.jpeg\" alt=\"\" class=\"wp-image-661253\" title=\"\"><\/figure>\n\n\nDuring the performance, Isabel Pantoja and Amaury S\u00e1nchez even improvised some bachata steps, bringing an authentically Dominican touch that made the moment one of the most memorable of the evening.\n\n&#8220;As\u00ed fue&#8221;, a song written by Juan Gabriel for Isabel Pantoja almost four decades ago, gained new life with this bachata version.","protected":false},"excerpt":{"rendered":"<p>Altos de Chav\u00f3n, La Romana &#8211; At 9:15 at night, the renowned Spanish artist Isabel Pantoja took the stage at the Altos de Chav\u00f3n amphitheater, being received with ovation, applause and shouts from an audience that had been eager to see her for thirteen years. Pantoja began her performance by interpreting &#8220;Del olvido no me [&hellip;]<\/p>\n","protected":false},"author":106,"featured_media":508469,"comment_status":"open","ping_status":"open","sticky":false,"template":"","format":"standard","meta":{"_acf_changed":false,"_jetpack_newsletter_access":"","_jetpack_dont_email_post_to_subs":false,"_jetpack_newsletter_tier_id":0,"_jetpack_memberships_contains_paywalled_content":false,"_jetpack_memberships_contains_paid_content":false,"footnotes":"","_members_access_role":[],"_members_access_error":""},"categories":[5],"tags":[16173,34335],"class_list":["post-508468","post","type-post","status-publish","format-standard","has-post-thumbnail","category-entertainment","tag-altos-de-chavon","tag-isabel-pantoja"],"acf":[],"jetpack_sharing_enabled":true,"jetpack_shortlink":"https:\/\/wp.me\/phj1q1-28h6","jetpack_featured_media_url":"https:\/\/deultimominuto.com\/en\/wp-content\/uploads\/sites\/2\/2026\/05\/WhatsApp-Image-2026-05-24-at-1.40.17-PM.jpeg","dum_api":{"author_name":"Lady Alvarez","author_image":"https:\/\/deultimominuto.com\/wp-content\/uploads\/2024\/03\/cropped-Diseno-sin-titulo-35-1-96x96.jpg","categories_name":["Entertainment"],"featured_media_url":"https:\/\/cdn.deultimominuto.com\/en\/wp-content\/uploads\/sites\/2\/2026\/05\/WhatsApp-Image-2026-05-24-at-1.40.17-PM.jpeg"},"_links":{"self":[{"href":"https:\/\/deultimominuto.com\/en\/wp-json\/wp\/v2\/posts\/508468","targetHints":{"allow":["GET"]}}],"collection":[{"href":"https:\/\/deultimominuto.com\/en\/wp-json\/wp\/v2\/posts"}],"about":[{"href":"https:\/\/deultimominuto.com\/en\/wp-json\/wp\/v2\/types\/post"}],"author":[{"embeddable":true,"href":"https:\/\/deultimominuto.com\/en\/wp-json\/wp\/v2\/users\/106"}],"replies":[{"embeddable":true,"href":"https:\/\/deultimominuto.com\/en\/wp-json\/wp\/v2\/comments?post=508468"}],"version-history":[{"count":0,"href":"https:\/\/deultimominuto.com\/en\/wp-json\/wp\/v2\/posts\/508468\/revisions"}],"wp:featuredmedia":[{"embeddable":true,"href":"https:\/\/deultimominuto.com\/en\/wp-json\/wp\/v2\/media\/508469"}],"wp:attachment":[{"href":"https:\/\/deultimominuto.com\/en\/wp-json\/wp\/v2\/media?parent=508468"}],"wp:term":[{"taxonomy":"category","embeddable":true,"href":"https:\/\/deultimominuto.com\/en\/wp-json\/wp\/v2\/categories?post=508468"},{"taxonomy":"post_tag","embeddable":true,"href":"https:\/\/deultimominuto.com\/en\/wp-json\/wp\/v2\/tags?post=508468"}],"curies":[{"name":"wp","href":"https:\/\/api.w.org\/{rel}","templated":true}]}}