{"id":508516,"date":"2026-05-25T16:58:58","date_gmt":"2026-05-25T20:58:58","guid":{"rendered":"https:\/\/deultimominuto.net\/en\/uncategorized\/senate-and-culture-recognize-outstanding-personalities-from-the-southern-region-during-the-enriquillo-2026-festival\/"},"modified":"2026-05-25T16:58:58","modified_gmt":"2026-05-25T20:58:58","slug":"senate-and-culture-recognize-outstanding-personalities-from-the-southern-region-during-the-enriquillo-2026-festival","status":"publish","type":"post","link":"https:\/\/deultimominuto.com\/en\/uncategorized\/senate-and-culture-recognize-outstanding-personalities-from-the-southern-region-during-the-enriquillo-2026-festival\/","title":{"rendered":"Senate and Culture recognize outstanding personalities from the Southern region during the Enriquillo 2026 Festival"},"content":{"rendered":"\n<p class=\"wp-block-paragraph\"><strong>Barahona<\/strong><em>.\u2013<\/em> The <strong>Senate of the Republic<\/strong>, in coordination with the <strong>Ministry of Culture<\/strong>, recognized this Sunday outstanding personalities of art, culture and social life of the provinces of the South of the country, during the closing ceremony of the Enriquillo 2026 Regional Cultural Festival.<\/p>\n\n\nThe activity took place in the <strong>Antonio M\u00e9ndez Auditorium of the Autonomous University of Santo Domingo<\/strong> (UASD), Barahona campus, and was dedicated to highlighting the cultural identity of the provinces of Bahoruco, Pedernales, Barahona and Independencia, with a special dedication to the legendary artist Casandra Damir\u00f3n.\n\n\n<figure class=\"wp-block-image size-large\"><img decoding=\"async\" src=\"https:\/\/ab.deultimominuto.net\/wp-content\/uploads\/2026\/05\/f2e5366c-183b-4348-a691-d5ab8ed6d69b-1024x683.jpg\" alt=\"\" class=\"wp-image-661835\" title=\"\"><\/figure>\n\n\nThe event was led by senators <strong>Mois\u00e9s Ayala<\/strong>, <strong>Guillermo Lama <\/strong>and<strong> Dagoberto Rodr\u00edguez Adames<\/strong>, along with the Minister of <strong>Culture<\/strong>, <strong>Roberto \u00c1ngel Salcedo<\/strong>, who presented scrolls of recognition to outstanding figures of the region.\n\nThe welcoming remarks were delivered by the senator of <strong>Barahona<\/strong>, <strong>Mois\u00e9s Ayala<\/strong>, who thanked the Ministry of Culture for its support and valued the importance of institutionalizing this type of event to promote cultural development and strengthen regional identity.\n\n\n<h5 class=\"wp-block-heading\"><strong>We recommend reading: <a href=\"https:\/\/ab.deultimominuto.net\/estilo\/ministerio-de-cultura-6\/\" target=\"_blank\" rel=\"noopener\">Ministry of Culture will celebrate the Long Night of Museums 2026 this weekend<\/a><\/strong><\/h5>\n\n\nAyala also highlighted the need to rescue and make visible the trajectories of figures who have contributed significantly to Dominican art and culture, such as Mar\u00eda Montez and Ram\u00f3n Oviedo, often little recognized.\n\nFor his part, the Minister of Culture, Roberto \u00c1ngel Salcedo, reaffirmed his commitment to strengthening the Enriquillo Festival and announced the holding of its second edition on May 14, 15 and 16, 2027, with the aim of consolidating it as an annual cultural reference event in the region.\n\n\n<figure class=\"wp-block-image size-large\"><img decoding=\"async\" src=\"https:\/\/ab.deultimominuto.net\/wp-content\/uploads\/2026\/05\/2553ff7b-df99-472f-97cb-1260fb3b5fab-1024x682.jpg\" alt=\"\" class=\"wp-image-661836\" title=\"\"><\/figure>\n\n\nDuring the ceremony, Dr. Rafael Leonidas P\u00e9rez P\u00e9rez, visual artist Norkelly Josefina Acosta Collado, and cultural manager Gustavo Antonio D\u00edaz F\u00e9liz (S\u00edmbolo), were recognized for their contributions to art, culture, and education.\n\nPosthumously, Dr. Le\u00f3nidas Tem\u00edstocles F\u00e9liz Su\u00e1rez (&#8220;Temito&#8221;) was also honored for his contribution to medicine and popular culture, especially in the Cach\u00faas of Barahona, as well as Aura Migdalia Moscoso P\u00e9rez (&#8220;Milagros&#8221;), for her extensive social work in the province of Bahoruco.\n\n\n<figure class=\"wp-block-image size-large\"><img decoding=\"async\" src=\"https:\/\/ab.deultimominuto.net\/wp-content\/uploads\/2026\/05\/283ad705-6e03-44b5-96f3-482a33f66506-1024x682.jpg\" alt=\"\" class=\"wp-image-661837\" title=\"\"><\/figure>\n\n\nOn behalf of those honored, Gustavo Antonio D\u00edaz F\u00e9liz thanked for the recognition and valued the effort of the organizing authorities, highlighting the commitment to serve their land and contribute to the cultural development of the region.\n\nThe Enriquillo Cultural Festival 2026 took place from May 21st to 23rd at UASD Barahona, with the participation of legislative authorities, representatives of the Ministry of Culture, mayors, and various personalities from the political and cultural sphere of the South of the country.","protected":false},"excerpt":{"rendered":"<p>Barahona.\u2013 The Senate of the Republic, in coordination with the Ministry of Culture, recognized this Sunday outstanding personalities of art, culture and social life of the provinces of the South of the country, during the closing ceremony of the Enriquillo 2026 Regional Cultural Festival. The activity took place in the Antonio M\u00e9ndez Auditorium of the [&hellip;]<\/p>\n","protected":false},"author":133558,"featured_media":0,"comment_status":"open","ping_status":"open","sticky":false,"template":"","format":"standard","meta":{"_acf_changed":false,"_jetpack_newsletter_access":"","_jetpack_dont_email_post_to_subs":false,"_jetpack_newsletter_tier_id":0,"_jetpack_memberships_contains_paywalled_content":false,"_jetpack_memberships_contains_paid_content":false,"footnotes":"","_members_access_role":[],"_members_access_error":""},"categories":[1],"tags":[],"class_list":["post-508516","post","type-post","status-publish","format-standard","category-uncategorized"],"acf":[],"jetpack_sharing_enabled":true,"jetpack_shortlink":"https:\/\/wp.me\/phj1q1-28hS","jetpack_featured_media_url":"","dum_api":{"author_name":"Linda Veras","author_image":"https:\/\/deultimominuto.com\/wp-content\/uploads\/2026\/05\/cropped-WhatsApp-Image-2026-05-11-at-9.59.54-PM-96x96.jpeg","categories_name":["Uncategorized"],"featured_media_url":null},"_links":{"self":[{"href":"https:\/\/deultimominuto.com\/en\/wp-json\/wp\/v2\/posts\/508516","targetHints":{"allow":["GET"]}}],"collection":[{"href":"https:\/\/deultimominuto.com\/en\/wp-json\/wp\/v2\/posts"}],"about":[{"href":"https:\/\/deultimominuto.com\/en\/wp-json\/wp\/v2\/types\/post"}],"author":[{"embeddable":true,"href":"https:\/\/deultimominuto.com\/en\/wp-json\/wp\/v2\/users\/133558"}],"replies":[{"embeddable":true,"href":"https:\/\/deultimominuto.com\/en\/wp-json\/wp\/v2\/comments?post=508516"}],"version-history":[{"count":0,"href":"https:\/\/deultimominuto.com\/en\/wp-json\/wp\/v2\/posts\/508516\/revisions"}],"wp:attachment":[{"href":"https:\/\/deultimominuto.com\/en\/wp-json\/wp\/v2\/media?parent=508516"}],"wp:term":[{"taxonomy":"category","embeddable":true,"href":"https:\/\/deultimominuto.com\/en\/wp-json\/wp\/v2\/categories?post=508516"},{"taxonomy":"post_tag","embeddable":true,"href":"https:\/\/deultimominuto.com\/en\/wp-json\/wp\/v2\/tags?post=508516"}],"curies":[{"name":"wp","href":"https:\/\/api.w.org\/{rel}","templated":true}]}}