{"id":508741,"date":"2026-05-27T18:35:26","date_gmt":"2026-05-27T22:35:26","guid":{"rendered":"https:\/\/deultimominuto.net\/en\/uncategorized\/police-dismantle-gang-accused-of-armed-robbery-and-gunshot-wound-in-guachupita\/"},"modified":"2026-05-27T18:35:26","modified_gmt":"2026-05-27T22:35:26","slug":"police-dismantle-gang-accused-of-armed-robbery-and-gunshot-wound-in-guachupita","status":"publish","type":"post","link":"https:\/\/deultimominuto.com\/en\/uncategorized\/police-dismantle-gang-accused-of-armed-robbery-and-gunshot-wound-in-guachupita\/","title":{"rendered":"Police dismantle gang accused of armed robbery and gunshot wound in Guachupita"},"content":{"rendered":"\n<p class=\"wp-block-paragraph\"><strong>Santo Domingo.<\/strong>\u2013 The <strong>National Police<\/strong> reported the dismantling of an alleged criminal gang dedicated to committing armed robberies in sectors of the <strong>National District<\/strong> and <strong>Santo Domingo East<\/strong>, achieving the arrest and submission to justice of two of its members, linked to a robbery in the <strong>Guachupita<\/strong> sector where a citizen was shot.<\/p>\n\n\nThe detainees were identified as <strong>Brady Mej\u00eda<\/strong>, alias &#8220;<strong>El Deportado<\/strong>&#8220;, and <strong>Robert Yeral Ure\u00f1a M\u00e9ndez<\/strong>, known as &#8220;R<strong>obin G\u00e1nster<\/strong>&#8220;, pointed out by the authorities as direct participants in the assault committed against <strong>Saba Cristiano Rodr\u00edguez N\u00fa\u00f1ez<\/strong> and other people on <strong>La Palma<\/strong> street corner <strong>La Fuente<\/strong>, near a pool hall in <strong>Guachupita<\/strong>.\n\nAlso, <strong>Andy Pe\u00f1a Batista<\/strong> and <strong>\u00c1ngel Chamell Germ\u00e1n<\/strong>, alias &#8220;<strong>Melada<\/strong>&#8220;, were arrested for investigation purposes, while investigations related to the case are ongoing.\n\nAccording to the Police, the investigations included the analysis of images captured by video surveillance cameras, which allowed to identify the vehicle used by those involved, a gray Honda CR-V jeep, license plate G401829, later located in the municipality of Tenares, Hermanas Mirabal province.\n\n\n<h5 class=\"wp-block-heading\"><strong>We recommend reading: <a href=\"https:\/\/ab.deultimominuto.net\/nacionales\/policiaocupacigarrillos\/\" target=\"_blank\" rel=\"noopener\">Police seize 100,000 contraband cigarettes and arrest three men in Santo Domingo Oeste<\/a><\/strong><\/h5>\n\n\nDuring the operations, Brady Mej\u00eda and Andy Pe\u00f1a Batista were arrested, the latter identified by the authorities as the person who rented the vehicle allegedly used in the act. Meanwhile, \u00c1ngel Chamell Germ\u00e1n was arrested in Santo Domingo Este.\n\nAccording to the police report, Brady Mej\u00eda admitted during questioning to having participated in the assault, acting as the driver of the vehicle used by the gang. He also identified other members of the group. For his part, Robert Yeral Ure\u00f1a M\u00e9ndez is said to have acknowledged his participation in the event and to have received part of the money obtained from the stolen belongings.\n\nAuthorities are actively searching for three men identified as Jos\u00e9 Armando Pi\u00f1a Infante, alias \u201cEl Calvo\u201d and\/or \u201cEl Gatillero,\u201d as well as others known only by the nicknames \u201cDowba\u201d and \u201cPamblock,\u201d who remain fugitives and are considered armed and dangerous.\n\nAs part of the evidence seized during the investigation, the Police reported the seizure of a .38 caliber revolver and a bulletproof vest, elements that are part of the file sent to the Public Prosecutor&#8217;s Office.\n\nThe law enforcement institution reiterated its commitment to combat crime and urged fugitives to surrender through the means they deem appropriate to answer to justice.","protected":false},"excerpt":{"rendered":"<p>Santo Domingo.\u2013 The National Police reported the dismantling of an alleged criminal gang dedicated to committing armed robberies in sectors of the National District and Santo Domingo East, achieving the arrest and submission to justice of two of its members, linked to a robbery in the Guachupita sector where a citizen was shot. The detainees [&hellip;]<\/p>\n","protected":false},"author":133558,"featured_media":0,"comment_status":"open","ping_status":"open","sticky":false,"template":"","format":"standard","meta":{"_acf_changed":false,"_jetpack_newsletter_access":"","_jetpack_dont_email_post_to_subs":false,"_jetpack_newsletter_tier_id":0,"_jetpack_memberships_contains_paywalled_content":false,"_jetpack_memberships_contains_paid_content":false,"footnotes":"","_members_access_role":[],"_members_access_error":""},"categories":[1],"tags":[],"class_list":["post-508741","post","type-post","status-publish","format-standard","category-uncategorized"],"acf":[],"jetpack_sharing_enabled":true,"jetpack_shortlink":"https:\/\/wp.me\/phj1q1-28lv","jetpack_featured_media_url":"","dum_api":{"author_name":"Linda Veras","author_image":"https:\/\/deultimominuto.com\/wp-content\/uploads\/2026\/05\/cropped-WhatsApp-Image-2026-05-11-at-9.59.54-PM-96x96.jpeg","categories_name":["Uncategorized"],"featured_media_url":null},"_links":{"self":[{"href":"https:\/\/deultimominuto.com\/en\/wp-json\/wp\/v2\/posts\/508741","targetHints":{"allow":["GET"]}}],"collection":[{"href":"https:\/\/deultimominuto.com\/en\/wp-json\/wp\/v2\/posts"}],"about":[{"href":"https:\/\/deultimominuto.com\/en\/wp-json\/wp\/v2\/types\/post"}],"author":[{"embeddable":true,"href":"https:\/\/deultimominuto.com\/en\/wp-json\/wp\/v2\/users\/133558"}],"replies":[{"embeddable":true,"href":"https:\/\/deultimominuto.com\/en\/wp-json\/wp\/v2\/comments?post=508741"}],"version-history":[{"count":0,"href":"https:\/\/deultimominuto.com\/en\/wp-json\/wp\/v2\/posts\/508741\/revisions"}],"wp:attachment":[{"href":"https:\/\/deultimominuto.com\/en\/wp-json\/wp\/v2\/media?parent=508741"}],"wp:term":[{"taxonomy":"category","embeddable":true,"href":"https:\/\/deultimominuto.com\/en\/wp-json\/wp\/v2\/categories?post=508741"},{"taxonomy":"post_tag","embeddable":true,"href":"https:\/\/deultimominuto.com\/en\/wp-json\/wp\/v2\/tags?post=508741"}],"curies":[{"name":"wp","href":"https:\/\/api.w.org\/{rel}","templated":true}]}}