{"id":508919,"date":"2026-06-01T16:07:30","date_gmt":"2026-06-01T20:07:30","guid":{"rendered":"https:\/\/deultimominuto.net\/en\/uncategorized\/error-en-el-proceso-de-traduccion-1201\/"},"modified":"2026-06-05T11:19:55","modified_gmt":"2026-06-05T15:19:55","slug":"president-abinader-receives-his-surinamese-counterpart-on-an-official-visit-to-strengthen-bilateral-cooperation","status":"publish","type":"post","link":"https:\/\/deultimominuto.com\/en\/dominican-news\/president-abinader-receives-his-surinamese-counterpart-on-an-official-visit-to-strengthen-bilateral-cooperation\/","title":{"rendered":"President Abinader receives his Surinamese counterpart on an official visit to strengthen bilateral cooperation"},"content":{"rendered":"\n<p class=\"wp-block-paragraph\"><strong>Santo Domingo.\u2013<\/strong> The President of the Republic, <strong><a href=\"https:\/\/www.instagram.com\/luisabinader\/?hl=es\" target=\"_blank\" rel=\"noopener\">Luis Abinader<\/a><\/strong>, received the President of <strong>Suriname<\/strong>, <strong>Jennifer Geerlings-Simons<\/strong>, this Monday at the <strong>National Palace<\/strong>, who is on an official visit to the country with the purpose of strengthening bilateral relations and expanding cooperation mechanisms between both nations.<\/p>\n\n\n\n<p class=\"wp-block-paragraph\">The Surinamese leader was received with the honors corresponding to her office in a ceremony held on the front esplanade of the National Palace, where both heads of state performed the traditional military review and the presentation of their respective official delegations.<\/p>\n\n\n\n<figure class=\"wp-block-image size-large\"><img decoding=\"async\" src=\"https:\/\/deultimominuto.com\/wp-content\/uploads\/2026\/06\/WhatsApp-Image-2026-06-01-at-4.02.32-PM-1024x736.jpeg\" alt=\"\" class=\"wp-image-667861\" title=\"\"><\/figure>\n\n\n\n<p class=\"wp-block-paragraph\">Military honors included a presidential attention call, presentation of arms, five ruffles and flourishes, a 21-gun artillery salute, and the playing of the national anthems of the Dominican Republic and Suriname.<\/p>\n\n\n\n<h5 class=\"wp-block-heading\"><strong>We recommend reading: <a href=\"https:\/\/deultimominuto.com\/nacionales\/presidente-abinader-felicita\/\">President Abinader congratulates Colombia on its election day and reaffirms the region&#8217;s democratic commitment<\/a><\/strong><\/h5>\n\n\n\n<p class=\"wp-block-paragraph\">Subsequently, the leaders held a private meeting in the Presidential Office, followed by expanded meetings between officials from both countries to address issues of common interest related to trade, investment, international cooperation, and the strengthening of diplomatic ties.<\/p>\n\n\n\n<p class=\"wp-block-paragraph\">The Dominican delegation was composed of the Minister of Foreign Affairs, Roberto \u00c1lvarez; the Minister of the Presidency, Jos\u00e9 Ignacio Paliza; the Minister of Industry, Commerce and MSMEs, Eduardo Sanz Lovat\u00f3n, among other officials.<\/p>\n\n\n\n<figure class=\"wp-block-image size-large\"><img decoding=\"async\" src=\"https:\/\/deultimominuto.com\/wp-content\/uploads\/2026\/06\/WhatsApp-Image-2026-06-01-at-4.02.17-PM-1024x796.jpeg\" alt=\"\" class=\"wp-image-667860\" title=\"\"><\/figure>\n\n\n\n<p class=\"wp-block-paragraph\">As part of the official agenda, both leaders will participate in an agreement signing ceremony and will offer a joint statement in the Ambassadors&#8217; Hall of the National Palace.<\/p>\n\n\n\n<h5 class=\"wp-block-heading\"><strong>We recommend reading: <a href=\"https:\/\/deultimominuto.com\/nacionales\/abinader-entrega-haina-1279-titulos\/\">Abinader delivers 1,279 property titles in Haina on the eve of Mother&#8217;s Day<\/a><\/strong><\/h5>\n\n\n\n<p class=\"wp-block-paragraph\">The visit also includes an official lunch hosted by President Abinader in honor of the Surinamese head of state and her delegation, as well as a welcome cocktail organized by the Dominican Government.<\/p>\n\n\n\n<p class=\"wp-block-paragraph\">During her stay in the country, Geerlings-Simons will also visit the Altar of the Fatherland, where she will lay a floral offering in honor of the Founding Fathers.<\/p>\n\n\n\n<figure class=\"wp-block-image size-large\"><img decoding=\"async\" src=\"https:\/\/deultimominuto.com\/wp-content\/uploads\/2026\/06\/WhatsApp-Image-2026-06-01-at-4.02.48-PM-1024x784.jpeg\" alt=\"\" class=\"wp-image-667863\" title=\"\"><\/figure>\n\n\n\n<p class=\"wp-block-paragraph\">The agenda of the President of Suriname will continue this Tuesday with a visit to the National Congress of the Dominican Republic, where she will hold meetings with legislators and participate in a solemn session before concluding her official visit to the country.<\/p>\n\n\n\n<p class=\"wp-block-paragraph\"><\/p>\n","protected":false},"excerpt":{"rendered":"<p>Santo Domingo.\u2013 The President of the Republic, Luis Abinader, received the President of Suriname, Jennifer Geerlings-Simons, this Monday at the National Palace, who is on an official visit to the country with the purpose of strengthening bilateral relations and expanding cooperation mechanisms between both nations. The Surinamese leader was received with the honors corresponding to [&hellip;]<\/p>\n","protected":false},"author":133558,"featured_media":509594,"comment_status":"open","ping_status":"open","sticky":false,"template":"","format":"standard","meta":{"_acf_changed":false,"_jetpack_newsletter_access":"","_jetpack_dont_email_post_to_subs":false,"_jetpack_newsletter_tier_id":0,"_jetpack_memberships_contains_paywalled_content":false,"_jetpack_memberships_contains_paid_content":false,"footnotes":"","_members_access_role":[],"_members_access_error":""},"categories":[40216],"tags":[17833,43773,43774,43775],"class_list":["post-508919","post","type-post","status-publish","format-standard","has-post-thumbnail","category-dominican-news","tag-abinader","tag-homologate","tag-receive","tag-suriname"],"acf":[],"jetpack_sharing_enabled":true,"jetpack_shortlink":"https:\/\/wp.me\/phj1q1-28on","jetpack_featured_media_url":"https:\/\/deultimominuto.com\/en\/wp-content\/uploads\/sites\/2\/2026\/06\/WhatsApp-Image-2026-06-01-at-4.01.58-PM.jpeg","dum_api":{"author_name":"Linda Veras","author_image":"https:\/\/deultimominuto.com\/wp-content\/uploads\/2026\/05\/cropped-WhatsApp-Image-2026-05-11-at-9.59.54-PM-96x96.jpeg","categories_name":["Dominican News"],"featured_media_url":"https:\/\/cdn.deultimominuto.com\/en\/wp-content\/uploads\/sites\/2\/2026\/06\/WhatsApp-Image-2026-06-01-at-4.01.58-PM.jpeg"},"_links":{"self":[{"href":"https:\/\/deultimominuto.com\/en\/wp-json\/wp\/v2\/posts\/508919","targetHints":{"allow":["GET"]}}],"collection":[{"href":"https:\/\/deultimominuto.com\/en\/wp-json\/wp\/v2\/posts"}],"about":[{"href":"https:\/\/deultimominuto.com\/en\/wp-json\/wp\/v2\/types\/post"}],"author":[{"embeddable":true,"href":"https:\/\/deultimominuto.com\/en\/wp-json\/wp\/v2\/users\/133558"}],"replies":[{"embeddable":true,"href":"https:\/\/deultimominuto.com\/en\/wp-json\/wp\/v2\/comments?post=508919"}],"version-history":[{"count":0,"href":"https:\/\/deultimominuto.com\/en\/wp-json\/wp\/v2\/posts\/508919\/revisions"}],"wp:featuredmedia":[{"embeddable":true,"href":"https:\/\/deultimominuto.com\/en\/wp-json\/wp\/v2\/media\/509594"}],"wp:attachment":[{"href":"https:\/\/deultimominuto.com\/en\/wp-json\/wp\/v2\/media?parent=508919"}],"wp:term":[{"taxonomy":"category","embeddable":true,"href":"https:\/\/deultimominuto.com\/en\/wp-json\/wp\/v2\/categories?post=508919"},{"taxonomy":"post_tag","embeddable":true,"href":"https:\/\/deultimominuto.com\/en\/wp-json\/wp\/v2\/tags?post=508919"}],"curies":[{"name":"wp","href":"https:\/\/api.w.org\/{rel}","templated":true}]}}