{"id":509365,"date":"2026-06-03T13:35:08","date_gmt":"2026-06-03T17:35:08","guid":{"rendered":"https:\/\/deultimominuto.net\/en\/uncategorized\/vancouver-presents-itself-as-the-canadian-host-city-for-the-world-cup-amidst-mountains-sea-and-soccer\/"},"modified":"2026-06-05T15:39:05","modified_gmt":"2026-06-05T19:39:05","slug":"vancouver-presents-itself-as-the-canadian-host-city-for-the-world-cup-amidst-mountains-sea-and-soccer","status":"publish","type":"post","link":"https:\/\/deultimominuto.com\/en\/sports\/football\/vancouver-presents-itself-as-the-canadian-host-city-for-the-world-cup-amidst-mountains-sea-and-soccer\/","title":{"rendered":"Vancouver presents itself as the Canadian host city for the World Cup amidst mountains, sea, and soccer"},"content":{"rendered":"\n<p class=\"wp-block-paragraph\">Toronto (Canada) (EFE).- Vancouver, one of the two Canadian host cities for the 2026 World Cup, will welcome the tournament as a showcase of a compact, diverse city open to the Pacific, marked by its landscape of mountains, sea, skyscrapers, and multicultural neighborhoods.<\/p>\n\n\n\n<p class=\"wp-block-paragraph\">The city will host seven matches at BC Place Stadium in Vancouver, located in the city center and with a capacity of 54,000 spectators during the tournament. Vancouver will host five group stage matches, one round of 32 match, and one round of 16 match, between June 13 and July 7.<\/p>\n\n\n\n<h2 class=\"wp-block-heading\" id=\"h-el-bc-place-recibira-siete-partidos-del-torneo\">BC Place will host seven tournament matches<\/h2>\n\n\n\n<figure class=\"wp-block-image\"><img decoding=\"async\" src=\"https:\/\/i0.wp.com\/efe.com\/wp-content\/uploads\/2026\/06\/0003-1.webp?resize=900%2C675&amp;ssl=1\" alt=\"\" class=\"wp-image-2701800\" title=\"\"><figcaption class=\"wp-element-caption\">Fotograf\u00eda cedida por The Six que muestra una vista a\u00e9rea panor\u00e1mica de los rascacielos en Vancouver (Canad\u00e1). EFE\/ The Six \/SOLO USO EDITORIAL<\/figcaption><\/figure>\n\n\n\n<p class=\"wp-block-paragraph\">In addition, the Canadian national soccer team announced on May 26 that it had chosen the National Soccer Development Centre (NSDC), located on the University of British Columbia (UBC) campus in Vancouver, as its base of operations during the World Cup.<\/p>\n\n\n\n<p class=\"wp-block-paragraph\">With more than 700,000 inhabitants, it is one of the most diverse cities in Canada. 67% of its residents speak English most often at home and 13% speak Chinese, according to municipal data. The city also highlights that it is located on the unceded traditional territories of the Musqueam, Squamish, and Tsleil-Waututh Indigenous peoples.<\/p>\n\n\n\n<p class=\"wp-block-paragraph\">Vancouver is an expensive city, especially regarding accommodation, so it is advisable to book in advance. In June and July, the weather is usually mild, although it can rain and the nights can get chilly by the water, and the key to enjoying it during the World Cup is to combine the soccer atmosphere of the downtown area with its greatest hallmark: the intersection of the Pacific, the mountains, and cultural diversity.<\/p>\n\n\n\n<figure class=\"wp-block-image\"><img decoding=\"async\" src=\"https:\/\/i0.wp.com\/efe.com\/wp-content\/uploads\/2026\/06\/000-1.webp?resize=900%2C600&amp;ssl=1\" alt=\"\" class=\"wp-image-2701801\" title=\"\"><figcaption class=\"wp-element-caption\">Fotograf\u00eda cedida por Canada Soccer que muestra el campo del National Soccer Development Centre (NSDC), base de operaciones durante el Mundial del equipo nacional canadiense. EFE\/ Canada Soccer \/SOLO USO EDITORIAL<\/figcaption><\/figure>\n\n\n\n<h3 class=\"wp-block-heading\">\u00a0<\/h3>\n","protected":false},"excerpt":{"rendered":"<p>Toronto (Canada) (EFE).- Vancouver, one of the two Canadian host cities for the 2026 World Cup, will welcome the tournament as a showcase of a compact, diverse city open to the Pacific, marked by its landscape of mountains, sea, skyscrapers, and multicultural neighborhoods. The city will host seven matches at BC Place Stadium in Vancouver, [&hellip;]<\/p>\n","protected":false},"author":3,"featured_media":509366,"comment_status":"open","ping_status":"open","sticky":false,"template":"","format":"standard","meta":{"_acf_changed":false,"_jetpack_newsletter_access":"","_jetpack_dont_email_post_to_subs":false,"_jetpack_newsletter_tier_id":0,"_jetpack_memberships_contains_paywalled_content":false,"_jetpack_memberships_contains_paid_content":false,"footnotes":"","_members_access_role":[],"_members_access_error":""},"categories":[40943],"tags":[43601,40231,40853,42321],"class_list":["post-509365","post","type-post","status-publish","format-standard","has-post-thumbnail","category-football","tag-breakingnews","tag-dominican-republic","tag-thetruthnewspaper","tag-world-cup"],"acf":[],"jetpack_sharing_enabled":true,"jetpack_shortlink":"https:\/\/wp.me\/phj1q1-28vz","jetpack_featured_media_url":"https:\/\/deultimominuto.com\/en\/wp-content\/uploads\/sites\/2\/2026\/06\/002-1.webp","dum_api":{"author_name":"EFE","author_image":"https:\/\/deultimominuto.com\/wp-content\/uploads\/2021\/08\/1200px-EFE_logo.svg-96x96.png","categories_name":["Football"],"featured_media_url":"https:\/\/cdn.deultimominuto.com\/en\/wp-content\/uploads\/sites\/2\/2026\/06\/002-1.webp"},"_links":{"self":[{"href":"https:\/\/deultimominuto.com\/en\/wp-json\/wp\/v2\/posts\/509365","targetHints":{"allow":["GET"]}}],"collection":[{"href":"https:\/\/deultimominuto.com\/en\/wp-json\/wp\/v2\/posts"}],"about":[{"href":"https:\/\/deultimominuto.com\/en\/wp-json\/wp\/v2\/types\/post"}],"author":[{"embeddable":true,"href":"https:\/\/deultimominuto.com\/en\/wp-json\/wp\/v2\/users\/3"}],"replies":[{"embeddable":true,"href":"https:\/\/deultimominuto.com\/en\/wp-json\/wp\/v2\/comments?post=509365"}],"version-history":[{"count":0,"href":"https:\/\/deultimominuto.com\/en\/wp-json\/wp\/v2\/posts\/509365\/revisions"}],"wp:featuredmedia":[{"embeddable":true,"href":"https:\/\/deultimominuto.com\/en\/wp-json\/wp\/v2\/media\/509366"}],"wp:attachment":[{"href":"https:\/\/deultimominuto.com\/en\/wp-json\/wp\/v2\/media?parent=509365"}],"wp:term":[{"taxonomy":"category","embeddable":true,"href":"https:\/\/deultimominuto.com\/en\/wp-json\/wp\/v2\/categories?post=509365"},{"taxonomy":"post_tag","embeddable":true,"href":"https:\/\/deultimominuto.com\/en\/wp-json\/wp\/v2\/tags?post=509365"}],"curies":[{"name":"wp","href":"https:\/\/api.w.org\/{rel}","templated":true}]}}