{"id":509419,"date":"2026-06-03T18:45:58","date_gmt":"2026-06-03T22:45:58","guid":{"rendered":"https:\/\/deultimominuto.net\/en\/uncategorized\/dominican-writer-arelis-dominguez-continues-to-hold-the-name-of-the-dominican-republic-high-on-international-stages\/"},"modified":"2026-06-03T18:45:58","modified_gmt":"2026-06-03T22:45:58","slug":"dominican-writer-arelis-dominguez-continues-to-hold-the-name-of-the-dominican-republic-high-on-international-stages","status":"publish","type":"post","link":"https:\/\/deultimominuto.com\/en\/style\/dominican-writer-arelis-dominguez-continues-to-hold-the-name-of-the-dominican-republic-high-on-international-stages\/","title":{"rendered":"Dominican writer Arelis Dom\u00ednguez continues to hold the name of the Dominican Republic high on international stages"},"content":{"rendered":"\n<p class=\"wp-block-paragraph\">The prominent Dominican writer <strong>Arelis Dom\u00ednguez<\/strong> continues to establish herself as one of the most representative voices of contemporary Dominican literature on the international stage, proudly carrying the name of the Dominican Republic to new cultural venues and strengthening the bonds of friendship between peoples through literature.<\/p>\n\n\n\n<p class=\"wp-block-paragraph\">With resounding success, various presentation events, discussions, and literary gatherings were held in the cities of Moscow and Saint Petersburg, Russian Federation, centered around the novel <strong>\u201cChiquita, I will always love you\u201d<\/strong>, a work by the Dominican author that was recently translated into Russian, sparking notable interest among academics, students, writers, and literature lovers.<\/p>\n\n\n\n<p class=\"wp-block-paragraph\">The translation of this successful novel was carried out by the Moscow State Linguistic University, constituting an important contribution to the cultural exchange between the Dominican Republic and the Russian Federation. This initiative was made possible thanks to the vision, commitment, and efforts of the Ambassador Extraordinary and Plenipotentiary of the Dominican Republic to the Russian Federation, <strong>Alejandro Arias Zarzuela<\/strong>, who from the very first moment showed a firm interest in promoting Dominican literature and bringing the works of national authors closer to the Russian public.<\/p>\n\n\n\n<p class=\"wp-block-paragraph\">Writer Arelis Dom\u00ednguez expressed her deepest gratitude to Ambassador Arias Zarzuela for his invaluable backing and his determined effort in favor of Dominican cultural diplomacy. His support has allowed a work born in Dominican lands to transcend borders and languages, becoming a bridge of understanding, sensitivity, and closeness between both nations.<\/p>\n\n\n\n<p class=\"wp-block-paragraph\">\u201cChiquita, I will always love you\u201d not only represents an outstanding contribution to contemporary Dominican narrative, but also symbolizes the universal power of literature to unite cultures, promote dialogue, and strengthen the bonds of friendship between peoples.<\/p>\n\n\n\n<p class=\"wp-block-paragraph\">The successful reception of the work in Russia reaffirms the growing international interest in Dominican literature and constitutes a source of pride for the Dominican Republic, which continues to project its cultural and literary richness beyond its borders. Likewise, this significant achievement evidences the value of cultural cooperation between both nations and the fundamental role that diplomatic initiatives play in the promotion of art, education, and culture.<\/p>\n\n\n\n<p class=\"wp-block-paragraph\">With this new international recognition, Arelis Dom\u00ednguez reaffirms her commitment to literary creation and continues to consolidate a trajectory that elevates Dominican talent on the most diverse stages of the world.<\/p>\n\n\n\n\n\n\n\n\n<title>Itinerario Arelis Dom\u00ednguez &#8211; Rusia 2026<\/title>\n\n    body{\n        font-family: Arial, sans-serif;\n        background:#f4f4f4;\n        margin:0;\n        padding:20px;\n        color:#333;\n    }\n    .container{\n        max-width:900px;\n        margin:auto;\n        background:#fff;\n        padding:30px;\n        border-radius:12px;\n        box-shadow:0 4px 12px rgba(0,0,0,0.1);\n    }\n    h1{\n        text-align:center;\n        color:#8B0000;\n        margin-bottom:5px;\n    }\n    h2{\n        text-align:center;\n        color:#555;\n        margin-top:0;\n    }\n    .novela{\n        text-align:center;\n        font-size:20px;\n        font-weight:bold;\n        color:#8B0000;\n        margin:20px 0;\n    }\n    .evento{\n        border-left:5px solid #8B0000;\n        padding:15px 20px;\n        margin:20px 0;\n        background:#fafafa;\n        border-radius:8px;\n    }\n    .evento h3{\n        margin:0 0 10px;\n        color:#8B0000;\n    }\n    .titulo{\n        font-style:italic;\n        margin-bottom:10px;\n    }\n    .fecha{\n        font-weight:bold;\n    }\n\n\n\n\n<div class=\"container\">\n    <h1>Itinerario de la Escritora Dominicana<\/h1>\n    <h2>Arelis Dom\u00ednguez<\/h2>\n\n    <div class=\"novela\">\n        Novela: <br>\n        <strong>\u201cCHIQUITA, Siempre te voy a querer\u201d<\/strong><br>\n        Rusia, Mayo 2026\n    <\/div>\n\n    <div class=\"evento\">\n        <h3>Universidad Ling\u00fc\u00edstica de Mosc\u00fa<\/h3>\n        <div class=\"titulo\">\n            \u201cDe la decepci\u00f3n a la redenci\u00f3n: cuando el dolor se transforma en prop\u00f3sito\u201d\n        <\/div>\n        <div class=\"fecha\">\n            Viernes 15 de mayo de 2026 \u2013 1:00 P.M.\n        <\/div>\n    <\/div>\n\n    <div class=\"evento\">\n        <h3>Centro Cultural Adelante de San Petersburgo<\/h3>\n        <div class=\"titulo\">\n            \u201cDecirte no, para decirme s\u00ed: cuando el amor propio no es ego\u00edsmo, sino prioridad\u201d\n        <\/div>\n        <div class=\"fecha\">\n            Martes 19 de mayo de 2026 \u2013 7:00 P.M.\n        <\/div>\n    <\/div>\n\n    <div class=\"evento\">\n        <h3>Feria del Libro de San Petersburgo<\/h3>\n        <div class=\"titulo\">\n            \u201cRompe el ciclo: c\u00f3mo dejar atr\u00e1s el dolor y recuperar tu esencia\u201d\n        <\/div>\n        <div class=\"fecha\">\n            Jueves 21 de mayo de 2026 \u2013 3:00 P.M.\n        <\/div>\n    <\/div>\n\n    <div class=\"evento\">\n        <h3>Biblioteca de Literatura Extranjera de Mosc\u00fa<\/h3>\n        <div class=\"titulo\">\n            \u201cAmor propio: el arte de sanar, soltar y reconectar consigo mismo\u201d\n        <\/div>\n        <div class=\"fecha\">\n            Mi\u00e9rcoles 27 de mayo de 2026 \u2013 6:30 P.M.\n        <\/div>\n    <\/div>\n\n<\/div>\n\n\n\n\n\n\n<figure class=\"wp-block-gallery has-nested-images columns-default is-cropped wp-block-gallery-1 is-layout-flex wp-block-gallery-is-layout-flex\">\n<figure class=\"wp-block-image size-large\"><img decoding=\"async\" data-id=\"669328\" src=\"https:\/\/deultimominuto.com\/wp-content\/uploads\/2026\/06\/WhatsApp-Image-2026-06-03-at-6.31.55-PM.jpeg\" alt=\"\" class=\"wp-image-669328\" title=\"\"><\/figure>\n\n\n\n<figure class=\"wp-block-image size-large\"><img decoding=\"async\" data-id=\"669326\" src=\"https:\/\/deultimominuto.com\/wp-content\/uploads\/2026\/06\/WhatsApp-Image-2026-06-03-at-6.31.54-PM-1.jpeg\" alt=\"\" class=\"wp-image-669326\" title=\"\"><\/figure>\n\n\n\n<figure class=\"wp-block-image size-large\"><img decoding=\"async\" data-id=\"669327\" src=\"https:\/\/deultimominuto.com\/wp-content\/uploads\/2026\/06\/WhatsApp-Image-2026-06-03-at-6.31.55-PM-1.jpeg\" alt=\"\" class=\"wp-image-669327\" title=\"\"><\/figure>\n<\/figure>\n","protected":false},"excerpt":{"rendered":"<p>The prominent Dominican writer Arelis Dom\u00ednguez continues to establish herself as one of the most representative voices of contemporary Dominican literature on the international stage, proudly carrying the name of the Dominican Republic to new cultural venues and strengthening the bonds of friendship between peoples through literature. With resounding success, various presentation events, discussions, and [&hellip;]<\/p>\n","protected":false},"author":133556,"featured_media":509420,"comment_status":"open","ping_status":"open","sticky":false,"template":"","format":"standard","meta":{"_acf_changed":false,"_jetpack_newsletter_access":"","_jetpack_dont_email_post_to_subs":false,"_jetpack_newsletter_tier_id":0,"_jetpack_memberships_contains_paywalled_content":false,"_jetpack_memberships_contains_paid_content":false,"footnotes":"","_members_access_role":[],"_members_access_error":""},"categories":[7],"tags":[43743],"class_list":["post-509419","post","type-post","status-publish","format-standard","has-post-thumbnail","category-style","tag-arelis-dominguez"],"acf":[],"jetpack_sharing_enabled":true,"jetpack_shortlink":"https:\/\/wp.me\/phj1q1-28wr","jetpack_featured_media_url":"https:\/\/deultimominuto.com\/en\/wp-content\/uploads\/sites\/2\/2026\/06\/WhatsApp-Image-2026-06-03-at-6.31.54-PM.jpeg","dum_api":{"author_name":"Yerandi Santana","author_image":"https:\/\/deultimominuto.com\/wp-content\/uploads\/2026\/02\/cropped-WhatsApp-Image-2026-02-13-at-5.35.07-PM-96x96.jpeg","categories_name":["Style"],"featured_media_url":"https:\/\/cdn.deultimominuto.com\/en\/wp-content\/uploads\/sites\/2\/2026\/06\/WhatsApp-Image-2026-06-03-at-6.31.54-PM.jpeg"},"_links":{"self":[{"href":"https:\/\/deultimominuto.com\/en\/wp-json\/wp\/v2\/posts\/509419","targetHints":{"allow":["GET"]}}],"collection":[{"href":"https:\/\/deultimominuto.com\/en\/wp-json\/wp\/v2\/posts"}],"about":[{"href":"https:\/\/deultimominuto.com\/en\/wp-json\/wp\/v2\/types\/post"}],"author":[{"embeddable":true,"href":"https:\/\/deultimominuto.com\/en\/wp-json\/wp\/v2\/users\/133556"}],"replies":[{"embeddable":true,"href":"https:\/\/deultimominuto.com\/en\/wp-json\/wp\/v2\/comments?post=509419"}],"version-history":[{"count":0,"href":"https:\/\/deultimominuto.com\/en\/wp-json\/wp\/v2\/posts\/509419\/revisions"}],"wp:featuredmedia":[{"embeddable":true,"href":"https:\/\/deultimominuto.com\/en\/wp-json\/wp\/v2\/media\/509420"}],"wp:attachment":[{"href":"https:\/\/deultimominuto.com\/en\/wp-json\/wp\/v2\/media?parent=509419"}],"wp:term":[{"taxonomy":"category","embeddable":true,"href":"https:\/\/deultimominuto.com\/en\/wp-json\/wp\/v2\/categories?post=509419"},{"taxonomy":"post_tag","embeddable":true,"href":"https:\/\/deultimominuto.com\/en\/wp-json\/wp\/v2\/tags?post=509419"}],"curies":[{"name":"wp","href":"https:\/\/api.w.org\/{rel}","templated":true}]}}