{"id":509466,"date":"2026-06-04T10:40:06","date_gmt":"2026-06-04T14:40:06","guid":{"rendered":"https:\/\/deultimominuto.net\/en\/uncategorized\/gbc-becomes-the-only-pharmacy-chain-to-obtain-the-dida-gold-seal\/"},"modified":"2026-06-05T13:08:24","modified_gmt":"2026-06-05T17:08:24","slug":"gbc-becomes-the-only-pharmacy-chain-to-obtain-the-dida-gold-seal","status":"publish","type":"post","link":"https:\/\/deultimominuto.com\/en\/dominican-news\/gbc-becomes-the-only-pharmacy-chain-to-obtain-the-dida-gold-seal\/","title":{"rendered":"GBC becomes the only pharmacy chain to obtain the DIDA Gold Seal"},"content":{"rendered":"\n<p class=\"wp-block-paragraph\"><strong>Santo Domingo.\u2013<\/strong> The pharmaceutical chain <strong><a href=\"https:\/\/farmaciamedicargbc.com\/\" target=\"_blank\" rel=\"noopener\">GBC <\/a><\/strong>reached an important milestone in the health sector by becoming the only pharmacy chain in the <strong>Dominican Republic<\/strong> to receive the <strong>Gold Seal of the Good Practices in Social Security Award (PBPSS 2026)<\/strong>, the highest distinction granted by the <strong>General Directorate of Information and Defense of Social Security Affiliates<\/strong> (DIDA).<\/p>\n\n\n\n<p class=\"wp-block-paragraph\">The recognition was granted after successfully meeting all the evaluation criteria established by the Evaluation Committee, which highlighted the company&#8217;s commitment to service excellence, member orientation, and the humanization of healthcare.<\/p>\n\n\n\n<p class=\"wp-block-paragraph\">The certification, signed by the Director General of DIDA, El\u00edas B\u00e1ez De Los Santos, recognizes GBC in the <strong>Humanization of Health Services<\/strong> category, thanks to the implementation of its \u201cQuality and Service\u201d initiative, developed between October 2024 and October 2025.<\/p>\n\n\n\n<p class=\"wp-block-paragraph\">We recommend reading: <a href=\"https:\/\/deultimominuto.com\/nacionales\/fundacion-gbc-celebra-cumpleanos-ninos-de-la-escuela-madame-germaine-en-el-millon-y-reconoce-a-estudiantes\/\">GBC Foundation celebrates the birthdays of children from the Madame Germaine School in El Mill\u00f3n and recognizes students<\/a><\/p>\n\n\n\n<p class=\"wp-block-paragraph\">The proposal focused on strengthening the competencies of its collaborators through training programs aimed at offering more efficient and personalized attention to affiliates. Likewise, it promoted a greater understanding of the Dominican Social Security System and the continuous improvement of service processes in each of its branches.<\/p>\n\n\n\n<p class=\"wp-block-paragraph\">According to the evaluation jury, the practice presented by GBC stood out for its innovative nature, its positive impact on users, and its contribution to strengthening the Dominican Social Security System. The initiative allowed for the optimization of the affiliate experience from the moment they arrive at the pharmacies, raising quality and service standards.<\/p>\n\n\n\n<figure class=\"wp-block-image size-large\"><img decoding=\"async\" src=\"https:\/\/deultimominuto.com\/wp-content\/uploads\/2026\/06\/WhatsApp-Image-2026-06-04-at-9.44.57-AM-1024x671.jpeg\" alt=\"\" class=\"wp-image-669575\" title=\"\"><\/figure>\n\n\n\n<p class=\"wp-block-paragraph\">With this recognition, Farmacia Medicar GBC reaffirms its position as a national benchmark in pharmaceutical service, humanized care, and social commitment. The company highlighted that this achievement is the result of the work and dedication of thousands of collaborators who contribute daily to offering a quality experience to users.<\/p>\n\n\n\n<p class=\"wp-block-paragraph\">During the awards ceremony, the institution was represented by Francisca Santana, Marketing Manager, and Rossy Familia, Medical Insurance Manager, who expressed gratitude for the distinction on behalf of the company.<\/p>\n\n\n\n<h5 class=\"wp-block-heading\"><strong>We recommend reading: <a href=\"https:\/\/deultimominuto.com\/nacionales\/fundacion-gbc-en-los-peralejos\/\">Raymond Rodr\u00edguez and GBC Foundation impact more than 300 families with medical operation in Los Peralejos<\/a><\/strong><\/h5>\n\n\n\n<p class=\"wp-block-paragraph\">\u201cWe receive this recognition with humility and gratitude. This award motivates us to continue raising the quality of our services and to keep working so that every affiliate receives dignified, humane, and efficient care,\u201d expressed Familia.<\/p>\n\n\n\n<p class=\"wp-block-paragraph\">The selection of the award-winning practices was carried out by a jury composed of prominent figures linked to the health and social security sector, including Dr. Gina Ria\u00f1o Var\u00f3n, Secretary General of the Ibero-American Social Security Organization (OISS); Dr. Jos\u00e9 Antonio Matos, Vice Minister of Quality Assurance for Health Services; Dr. Pedro Luis Castellanos, former superintendent of SISALRIL; specialist Maribel Oleaga, and journalist Dayana Acosta.<\/p>\n\n\n\n<p class=\"wp-block-paragraph\">The Good Practices in Social Security Award is an initiative by DIDA aimed at identifying, promoting, and recognizing successful experiences that contribute to the strengthening of the Dominican Social Security System and the well-being of its members. With this distinction, GBC strengthens its commitment to continue being an institution dedicated to the health, guidance, and well-being of Dominicans.<\/p>\n\n\n\n<p class=\"wp-block-paragraph\"><\/p>\n","protected":false},"excerpt":{"rendered":"<p>Santo Domingo.\u2013 The pharmaceutical chain GBC reached an important milestone in the health sector by becoming the only pharmacy chain in the Dominican Republic to receive the Gold Seal of the Good Practices in Social Security Award (PBPSS 2026), the highest distinction granted by the General Directorate of Information and Defense of Social Security Affiliates [&hellip;]<\/p>\n","protected":false},"author":133558,"featured_media":509928,"comment_status":"open","ping_status":"open","sticky":false,"template":"","format":"standard","meta":{"_acf_changed":false,"_jetpack_newsletter_access":"","_jetpack_dont_email_post_to_subs":false,"_jetpack_newsletter_tier_id":0,"_jetpack_memberships_contains_paywalled_content":false,"_jetpack_memberships_contains_paid_content":false,"footnotes":"","_members_access_role":[],"_members_access_error":""},"categories":[40216],"tags":[16271,39870,43956,43955],"class_list":["post-509466","post","type-post","status-publish","format-standard","has-post-thumbnail","category-dominican-news","tag-dida","tag-gbc","tag-gold-seal","tag-obtains"],"acf":[],"jetpack_sharing_enabled":true,"jetpack_shortlink":"https:\/\/wp.me\/phj1q1-28xc","jetpack_featured_media_url":"https:\/\/deultimominuto.com\/en\/wp-content\/uploads\/sites\/2\/2026\/06\/WhatsApp-Image-2026-06-04-at-9.44.48-AM.jpeg","dum_api":{"author_name":"Linda Veras","author_image":"https:\/\/deultimominuto.com\/wp-content\/uploads\/2026\/05\/cropped-WhatsApp-Image-2026-05-11-at-9.59.54-PM-96x96.jpeg","categories_name":["Dominican News"],"featured_media_url":"https:\/\/cdn.deultimominuto.com\/en\/wp-content\/uploads\/sites\/2\/2026\/06\/WhatsApp-Image-2026-06-04-at-9.44.48-AM.jpeg"},"_links":{"self":[{"href":"https:\/\/deultimominuto.com\/en\/wp-json\/wp\/v2\/posts\/509466","targetHints":{"allow":["GET"]}}],"collection":[{"href":"https:\/\/deultimominuto.com\/en\/wp-json\/wp\/v2\/posts"}],"about":[{"href":"https:\/\/deultimominuto.com\/en\/wp-json\/wp\/v2\/types\/post"}],"author":[{"embeddable":true,"href":"https:\/\/deultimominuto.com\/en\/wp-json\/wp\/v2\/users\/133558"}],"replies":[{"embeddable":true,"href":"https:\/\/deultimominuto.com\/en\/wp-json\/wp\/v2\/comments?post=509466"}],"version-history":[{"count":0,"href":"https:\/\/deultimominuto.com\/en\/wp-json\/wp\/v2\/posts\/509466\/revisions"}],"wp:featuredmedia":[{"embeddable":true,"href":"https:\/\/deultimominuto.com\/en\/wp-json\/wp\/v2\/media\/509928"}],"wp:attachment":[{"href":"https:\/\/deultimominuto.com\/en\/wp-json\/wp\/v2\/media?parent=509466"}],"wp:term":[{"taxonomy":"category","embeddable":true,"href":"https:\/\/deultimominuto.com\/en\/wp-json\/wp\/v2\/categories?post=509466"},{"taxonomy":"post_tag","embeddable":true,"href":"https:\/\/deultimominuto.com\/en\/wp-json\/wp\/v2\/tags?post=509466"}],"curies":[{"name":"wp","href":"https:\/\/api.w.org\/{rel}","templated":true}]}}