{"id":510024,"date":"2026-06-05T12:18:52","date_gmt":"2026-06-05T16:18:52","guid":{"rendered":"https:\/\/deultimominuto.net\/en\/uncategorized\/micm-gathers-ambassadors-to-explain-investment-opportunities-in-the-dr\/"},"modified":"2026-06-05T12:18:52","modified_gmt":"2026-06-05T16:18:52","slug":"micm-gathers-ambassadors-to-explain-investment-opportunities-in-the-dr","status":"publish","type":"post","link":"https:\/\/deultimominuto.com\/en\/dominican-news\/micm-gathers-ambassadors-to-explain-investment-opportunities-in-the-dr\/","title":{"rendered":"MICM gathers ambassadors to explain investment opportunities in the DR"},"content":{"rendered":"\n<h3 class=\"wp-block-heading\"><em>During a meeting with diplomatic representatives and international organizations accredited in the country to promote investment, trade, and cooperation.<\/em><\/h3>\n\n\n\n<p class=\"wp-block-paragraph\"><strong>Santo Domingo<\/strong><strong>. \u2013<\/strong><strong>&nbsp;<\/strong>The Minister of Industry, Commerce and MSMEs (MICM), Eduardo (Yayo) Sanz Lovat\u00f3n, held a meeting with representatives of the diplomatic corps and international organizations accredited in the Dominican Republic, with the aim of continuing to strengthen the ties of cooperation, trust and strategic alliances that contribute to economic development, regional integration and the generation of high-impact, long-term opportunities.<\/p>\n\n\n\n<p class=\"wp-block-paragraph\">During the activity, the minister highlighted the importance of maintaining a permanent dialogue with the international community to expand opportunities for trade, investment, and innovation through cooperation and the exchange of experiences.<\/p>\n\n\n\n<blockquote class=\"wp-block-quote is-layout-flow wp-block-quote-is-layout-flow\">\n<p class=\"wp-block-paragraph\">\u201cThis meeting seeks to open new conversations, identify common opportunities, and build shared-value initiatives,\u201d expressed Sanz Lovat\u00f3n.<\/p>\n<\/blockquote>\n\n\n\n<p class=\"wp-block-paragraph\">Likewise, he highlighted that these actions are part of President Luis Abinader&#8217;s vision to strengthen the Dominican Republic&#8217;s international integration and promote a favorable environment for trade, investment, and productive development.<\/p>\n\n\n\n<p class=\"wp-block-paragraph\">For his part, the Vice Minister of Foreign Trade, Daniel Pe\u00f1a, pointed out that the strengthening of trade relations is part of the economic policy promoted by the current government administration and responds to a strategy aimed at promoting mutual growth based on shared interests.<\/p>\n\n\n\n<p class=\"wp-block-paragraph\">Likewise, he reaffirmed the willingness of the Dominican Government, through the MICM, to address any concern or initiative from the diplomatic representatives accredited in the country, with the purpose of continuing to strengthen the ties of cooperation and trade.<\/p>\n\n\n\n<p class=\"wp-block-paragraph\">During his speech, the head of the MICM highlighted that the Dominican Republic continues to consolidate itself as one of the most attractive destinations for investment and trade in the region, thanks to its macroeconomic stability, legal security, connectivity, and strategic location.<\/p>\n\n\n\n<p class=\"wp-block-paragraph\">In that sense, he highlighted the main economic and logistical indicators that demonstrate the dynamism of the Dominican economy. He indicated that Foreign Direct Investment (FDI) reached US$5,032.8 million in 2025, which represented a growth of 11.3%, consolidating the country among the main investment destinations in the Caribbean and Central America.<\/p>\n\n\n\n<p class=\"wp-block-paragraph\">Likewise, he highlighted that exports totaled US$14,645 million in 2025 and that, between January and April 2026, they reached US$5,062.66 million, for a growth of 19%. He added that free trade zones continue to be one of the country&#8217;s main economic engines, with more than 850 companies in operation, nearly 200,000 direct jobs, and exports exceeding US$8,600 million.<\/p>\n\n\n\n<p class=\"wp-block-paragraph\">Likewise, he pointed out that the Dominican Republic has one of the most robust logistics platforms in the Caribbean, made up of eight international airports, 16 ports, and extensive connectivity that allows access to more than 400 destinations and a market of more than 900 million consumers in 49 countries.<\/p>\n\n\n\n<p class=\"wp-block-paragraph\"><strong><em>You might be interested in: <a href=\"https:\/\/deultimominuto.com\/nacionales\/politica\/doleo-resalta-liderazgo-de-adriano-espaillat-en-la-defensa-de-los-dominicanos-en-el-exterior\/\">D\u2019Oleo highlights Adriano Espaillat&#8217;s leadership in defending Dominicans abroad<\/a><\/em><\/strong><\/p>\n\n\n\n<p class=\"wp-block-paragraph\">The meeting brought together the following ambassadors: United States, Leah Francis Campos; Qatar, Yaser Awad Farhan Al-Abdulla; Panama, Yira Elena Ramonet Garc\u00eda; United Kingdom, Carol Ann van der Walt; India, Kishan Dan Dewal; Korea, Baejin Lim; Chile, Iv\u00e1n Favereau Urquiza; Peru, Gustavo Lembcke Hoyle; European Union, Ra\u00fal Fuentes Milani; Costa Rica, Edwin Arias Chinchilla; Russian Federation, Alexey Victorovich Seredin; Canada, Jacqueline De Lima; Colombia, Dar\u00edo Villamizar Herrera; Italy, Sergio Maffettone, among other representatives from the other embassies accredited in the country. <br><\/p>\n\n\n\n<figure class=\"wp-block-gallery has-nested-images columns-default is-cropped wp-block-gallery-1 is-layout-flex wp-block-gallery-is-layout-flex\">\n<figure class=\"wp-block-image size-large\"><img decoding=\"async\" data-id=\"670240\" src=\"https:\/\/deultimominuto.com\/wp-content\/uploads\/2026\/06\/c612f33e-fd6f-4b06-8b26-4f016308ca21-1024x682.jpeg\" alt=\"\" class=\"wp-image-670240\" title=\"\"><\/figure>\n\n\n\n<figure class=\"wp-block-image size-large\"><img decoding=\"async\" data-id=\"670239\" src=\"https:\/\/deultimominuto.com\/wp-content\/uploads\/2026\/06\/f66a4c86-eff7-4e3b-98c6-3bf4ecb480b8-1024x682.jpeg\" alt=\"\" class=\"wp-image-670239\" title=\"\"><\/figure>\n<\/figure>\n\n\n\n<p class=\"wp-block-paragraph\">Likewise, representatives of international organizations accredited in the country participated, including Ana Mar\u00eda D\u00edaz, Resident Representative of the United Nations Development Programme (UNDP); Carolin Rend\u00f3n, Resident Representative of the World Bank; Nathalie Alvarado Vega, Resident Representative of the Inter-American Development Bank (IDB); Sakaguchi Kota, Resident Representative of the Japan International Cooperation Agency (JICA); and Pavel Isa, Director for the Dominican Republic at the Central American Bank for Economic Integration (CABEI).<\/p>\n\n\n\n<p class=\"wp-block-paragraph\">Sanz Lovat\u00f3n concluded by highlighting that, in an international context marked by uncertainty, the Dominican Republic is committed to openness, integration, and international cooperation as fundamental pillars to promote sustainable development and regional stability.<\/p>\n\n\n\n<p class=\"wp-block-paragraph\">The activity reaffirmed the Dominican Government&#8217;s commitment to continue strengthening ties with the international community, promoting an environment conducive to investment, trade, and cooperation as engines of the country&#8217;s sustainable development.<\/p>\n\n\n\n<p class=\"wp-block-paragraph\">Legislators and officials from various entities linked to trade and investment promotion also participated in the meeting.<\/p>\n","protected":false},"excerpt":{"rendered":"<p>During a meeting with diplomatic representatives and international organizations accredited in the country to promote investment, trade, and cooperation. Santo Domingo. \u2013&nbsp;The Minister of Industry, Commerce and MSMEs (MICM), Eduardo (Yayo) Sanz Lovat\u00f3n, held a meeting with representatives of the diplomatic corps and international organizations accredited in the Dominican Republic, with the aim of continuing [&hellip;]<\/p>\n","protected":false},"author":4,"featured_media":510028,"comment_status":"open","ping_status":"open","sticky":false,"template":"","format":"standard","meta":{"_acf_changed":false,"_jetpack_newsletter_access":"","_jetpack_dont_email_post_to_subs":false,"_jetpack_newsletter_tier_id":0,"_jetpack_memberships_contains_paywalled_content":false,"_jetpack_memberships_contains_paid_content":false,"footnotes":"","_members_access_role":[],"_members_access_error":""},"categories":[40216],"tags":[43601,40231,40853],"class_list":["post-510024","post","type-post","status-publish","format-standard","has-post-thumbnail","category-dominican-news","tag-breakingnews","tag-dominican-republic","tag-thetruthnewspaper"],"acf":[],"jetpack_sharing_enabled":true,"jetpack_shortlink":"https:\/\/wp.me\/phj1q1-28Gc","jetpack_featured_media_url":"https:\/\/deultimominuto.com\/en\/wp-content\/uploads\/sites\/2\/2026\/06\/e4d3a614-86eb-40e3-b11b-96a15829e849.jpeg","dum_api":{"author_name":"Redacci\u00f3n De \u00daltimo Minuto","author_image":"https:\/\/deultimominuto.com\/wp-content\/uploads\/2025\/02\/cropped-logo-de-ultimo-minuto-96x96.png","categories_name":["Dominican News"],"featured_media_url":"https:\/\/cdn.deultimominuto.com\/en\/wp-content\/uploads\/sites\/2\/2026\/06\/e4d3a614-86eb-40e3-b11b-96a15829e849.jpeg"},"_links":{"self":[{"href":"https:\/\/deultimominuto.com\/en\/wp-json\/wp\/v2\/posts\/510024","targetHints":{"allow":["GET"]}}],"collection":[{"href":"https:\/\/deultimominuto.com\/en\/wp-json\/wp\/v2\/posts"}],"about":[{"href":"https:\/\/deultimominuto.com\/en\/wp-json\/wp\/v2\/types\/post"}],"author":[{"embeddable":true,"href":"https:\/\/deultimominuto.com\/en\/wp-json\/wp\/v2\/users\/4"}],"replies":[{"embeddable":true,"href":"https:\/\/deultimominuto.com\/en\/wp-json\/wp\/v2\/comments?post=510024"}],"version-history":[{"count":0,"href":"https:\/\/deultimominuto.com\/en\/wp-json\/wp\/v2\/posts\/510024\/revisions"}],"wp:featuredmedia":[{"embeddable":true,"href":"https:\/\/deultimominuto.com\/en\/wp-json\/wp\/v2\/media\/510028"}],"wp:attachment":[{"href":"https:\/\/deultimominuto.com\/en\/wp-json\/wp\/v2\/media?parent=510024"}],"wp:term":[{"taxonomy":"category","embeddable":true,"href":"https:\/\/deultimominuto.com\/en\/wp-json\/wp\/v2\/categories?post=510024"},{"taxonomy":"post_tag","embeddable":true,"href":"https:\/\/deultimominuto.com\/en\/wp-json\/wp\/v2\/tags?post=510024"}],"curies":[{"name":"wp","href":"https:\/\/api.w.org\/{rel}","templated":true}]}}