{"id":510285,"date":"2026-06-01T17:12:22","date_gmt":"2026-06-01T21:12:22","guid":{"rendered":"https:\/\/deultimominuto.net\/en\/uncategorized\/juan-nunez-is-re-elected-as-president-of-fedom-for-the-2026-2030-period\/"},"modified":"2026-06-01T17:12:22","modified_gmt":"2026-06-01T21:12:22","slug":"juan-nunez-is-re-elected-as-president-of-fedom-for-the-2026-2030-period","status":"publish","type":"post","link":"https:\/\/deultimominuto.com\/en\/sports\/baseball\/juan-nunez-is-re-elected-as-president-of-fedom-for-the-2026-2030-period\/","title":{"rendered":"Juan N\u00fa\u00f1ez is re-elected as president of Fedom for the 2026-2030 period"},"content":{"rendered":"\n<p class=\"wp-block-paragraph\"><\/p>\n\n\n\n<p class=\"wp-block-paragraph\"><em>Santo Domingo, D.N.<\/em> \u2013 Juan N\u00fa\u00f1ez Nepomuceno was re-elected this Monday as president of the Dominican Baseball Federation (Fedom) for the 2026-2030 term, after receiving unanimous support from the affiliated associations during the elective assembly held at a hotel in the capital.<\/p>\n\n\n\n<p class=\"wp-block-paragraph\">N\u00fa\u00f1ez headed the only list presented, called \u201cTito Pereyra, Work, Transparency and Consolidation\u201d, which obtained 100% of the votes cast by the 31 associations present out of the 32 with the right to vote.<\/p>\n\n\n\n<p class=\"wp-block-paragraph\">The federation leader expressed his gratitude for the support received and valued the trust placed in his management at the head of the Dominican amateur baseball governing body.<\/p>\n\n\n\n<p class=\"wp-block-paragraph\">\u201cWe feel deeply grateful to God and to each of the associations that supported us unanimously today. This vote of confidence commits us to continue working even harder for the development and strengthening of Dominican baseball,\u201d expressed N\u00fa\u00f1ez after being sworn in.<\/p>\n\n\n\n<p class=\"wp-block-paragraph\">Likewise, he highlighted that the support received represents recognition for the work carried out over the last few years.<\/p>\n\n\n\n<p class=\"wp-block-paragraph\">\u201cThe associations have valued the effort, dedication, and transparency with which we have managed the federation. We will continue to promote initiatives for the benefit of our athletes, coaches, and leaders,\u201d he added.<\/p>\n\n\n\n<p class=\"wp-block-paragraph\">The electoral commission was chaired by William Ozuna, head of the Dominican Weightlifting Federation, accompanied by Edisson Adames, president of the La Vega Sports Journalists Association, as secretary, and Gilberto Garc\u00eda, president of the Dominican Judo Federation, as a member.<\/p>\n\n\n\n<p class=\"wp-block-paragraph\">The organization certified the legality of the process and proceeded with the swearing-in of the new executive committee.<\/p>\n\n\n\n<p class=\"wp-block-paragraph\">In addition to N\u00fa\u00f1ez as president, the Fedom executive committee was composed of Joselito Can\u00f3 Soriano, first vice president; Roberto Antonio S\u00e1nchez Morales, second vice president; Juli\u00e1n Antonio De Le\u00f3n, third vice president; Heriberto Antonio Miranda Then, secretary general; and Arturo Brito, treasurer.<\/p>\n\n\n\n<p class=\"wp-block-paragraph\">Also part of the board are Bruno Inocencio Terrero Medrano, secretary of international affairs; Jos\u00e9 Alfonso Sena G\u00f3mez, secretary of organization; V\u00edctor Enrique V\u00e1squez, secretary of the environment; and Eligna Raquel Rodr\u00edguez Pe\u00f1a de Ortega, secretary for women&#8217;s affairs.<\/p>\n\n\n\n<p class=\"wp-block-paragraph\">The board members will be Sandy Lara P\u00e9rez, M\u00f3nica Cecilia Fern\u00e1ndez Liz, and Eduardo Rodolfo Phipps Cruz.<\/p>\n\n\n\n<p class=\"wp-block-paragraph\">During the day, the regional vice presidents Cristian Pimentel (Metropolitan), Jorge Francisco Rafael Moreno (East), Alnor Te\u00f3filo Padilla Taveras (North), Jes\u00fas Antonio Lajara Ros\u00f3 (South), and Manuel Antonio Medina Rodr\u00edguez (Overseas) were also ratified.<\/p>\n\n\n\n<p class=\"wp-block-paragraph\">This will be the second full term for Juan N\u00fa\u00f1ez at the head of Fedom, an institution he has presided over since May 2019, following the passing of leader H\u00e9ctor \u201cTito\u201d Pereyra.<\/p>\n\n\n\n<p class=\"wp-block-paragraph\"><\/p>\n","protected":false},"excerpt":{"rendered":"<p>Santo Domingo, D.N. \u2013 Juan N\u00fa\u00f1ez Nepomuceno was re-elected this Monday as president of the Dominican Baseball Federation (Fedom) for the 2026-2030 term, after receiving unanimous support from the affiliated associations during the elective assembly held at a hotel in the capital. N\u00fa\u00f1ez headed the only list presented, called \u201cTito Pereyra, Work, Transparency and Consolidation\u201d, [&hellip;]<\/p>\n","protected":false},"author":4,"featured_media":510288,"comment_status":"open","ping_status":"open","sticky":false,"template":"","format":"standard","meta":{"_acf_changed":false,"_jetpack_newsletter_access":"","_jetpack_dont_email_post_to_subs":false,"_jetpack_newsletter_tier_id":0,"_jetpack_memberships_contains_paywalled_content":false,"_jetpack_memberships_contains_paid_content":false,"footnotes":"","_members_access_role":[],"_members_access_error":""},"categories":[35481],"tags":[43601,40231,43735],"class_list":["post-510285","post","type-post","status-publish","format-standard","has-post-thumbnail","category-baseball","tag-breakingnews","tag-dominican-republic","tag-thenewspaperoftruth"],"acf":[],"jetpack_sharing_enabled":true,"jetpack_shortlink":"https:\/\/wp.me\/phj1q1-28Kp","jetpack_featured_media_url":"https:\/\/deultimominuto.com\/en\/wp-content\/uploads\/sites\/2\/2026\/06\/IMG-20260601-WA0077.jpg","dum_api":{"author_name":"Redacci\u00f3n De \u00daltimo Minuto","author_image":"https:\/\/deultimominuto.com\/wp-content\/uploads\/2025\/02\/cropped-logo-de-ultimo-minuto-96x96.png","categories_name":["Baseball"],"featured_media_url":"https:\/\/cdn.deultimominuto.com\/en\/wp-content\/uploads\/sites\/2\/2026\/06\/IMG-20260601-WA0077.jpg"},"_links":{"self":[{"href":"https:\/\/deultimominuto.com\/en\/wp-json\/wp\/v2\/posts\/510285","targetHints":{"allow":["GET"]}}],"collection":[{"href":"https:\/\/deultimominuto.com\/en\/wp-json\/wp\/v2\/posts"}],"about":[{"href":"https:\/\/deultimominuto.com\/en\/wp-json\/wp\/v2\/types\/post"}],"author":[{"embeddable":true,"href":"https:\/\/deultimominuto.com\/en\/wp-json\/wp\/v2\/users\/4"}],"replies":[{"embeddable":true,"href":"https:\/\/deultimominuto.com\/en\/wp-json\/wp\/v2\/comments?post=510285"}],"version-history":[{"count":0,"href":"https:\/\/deultimominuto.com\/en\/wp-json\/wp\/v2\/posts\/510285\/revisions"}],"wp:featuredmedia":[{"embeddable":true,"href":"https:\/\/deultimominuto.com\/en\/wp-json\/wp\/v2\/media\/510288"}],"wp:attachment":[{"href":"https:\/\/deultimominuto.com\/en\/wp-json\/wp\/v2\/media?parent=510285"}],"wp:term":[{"taxonomy":"category","embeddable":true,"href":"https:\/\/deultimominuto.com\/en\/wp-json\/wp\/v2\/categories?post=510285"},{"taxonomy":"post_tag","embeddable":true,"href":"https:\/\/deultimominuto.com\/en\/wp-json\/wp\/v2\/tags?post=510285"}],"curies":[{"name":"wp","href":"https:\/\/api.w.org\/{rel}","templated":true}]}}