{"id":510725,"date":"2026-06-09T14:48:00","date_gmt":"2026-06-09T18:48:00","guid":{"rendered":"https:\/\/deultimominuto.net\/en\/uncategorized\/mayor-of-the-tireo-municipality-leads-protest-in-front-of-the-national-palace-demanding-works-promised-since-2022\/"},"modified":"2026-06-09T14:48:00","modified_gmt":"2026-06-09T18:48:00","slug":"mayor-of-the-tireo-municipality-leads-protest-in-front-of-the-national-palace-demanding-works-promised-since-2022","status":"publish","type":"post","link":"https:\/\/deultimominuto.com\/en\/uncategorized\/mayor-of-the-tireo-municipality-leads-protest-in-front-of-the-national-palace-demanding-works-promised-since-2022\/","title":{"rendered":"Mayor of the Tireo municipality leads protest in front of the National Palace demanding works promised since 2022"},"content":{"rendered":"\n<p class=\"wp-block-paragraph\"><strong>By: Esmil de Jes\u00fas Hern\u00e1ndez Capell\u00e1n<\/strong><\/p>\n\n\n\n<p class=\"wp-block-paragraph\"><strong>Constanza<\/strong>.- A peaceful demonstration in front of the <strong><a href=\"https:\/\/palacionacional.gob.do\/\" target=\"_blank\" rel=\"noopener\">National Palace<\/a><\/strong> was led by the mayor of the <strong>Tireo<\/strong> municipality, <strong>Paul Pi\u00f1a<\/strong>, along with community members, social leaders, and representatives from various local sectors. The objective was to demand that the <strong>Central Government<\/strong> fulfill a series of public works that were announced starting in 2022 and which, they claim, have not been executed.<\/p>\n\n\n\n<p class=\"wp-block-paragraph\">Participants have expressed concern regarding the delay of projects considered fundamental for the development of Tireo, noting that they were presented as priorities to improve the quality of life for the area&#8217;s inhabitants.<\/p>\n\n\n\n<p class=\"wp-block-paragraph\">Pi\u00f1a specifies that the community has waited patiently for several years, but the lack of concrete progress has generated deep discontent among the residents. He further indicated that the requested works would impact essential areas such as road infrastructure, community services, and local economic development.<\/p>\n\n\n\n<h5 class=\"wp-block-heading\"><strong>We recommend reading: <a href=\"https:\/\/deultimominuto.com\/nacionales\/docentes-de-san-rafael-protestan\/\">San Rafael del Yuma teachers protest evaluation results and demand answers<\/a><\/strong><\/h5>\n\n\n\n<p class=\"wp-block-paragraph\">\u201cWe are here peacefully, but firmly, demanding what was promised to our people. Tireo deserves attention and positive responses. The needs of our people cannot continue to wait,\u201d added the municipal executive.<\/p>\n\n\n\n<figure class=\"wp-block-image size-large\"><img decoding=\"async\" src=\"https:\/\/deultimominuto.com\/wp-content\/uploads\/2026\/06\/WhatsApp-Image-2026-06-09-at-2.30.07-PM-2-1024x768.jpeg\" alt=\"\" class=\"wp-image-672955\" title=\"\"><\/figure>\n\n\n\n<p class=\"wp-block-paragraph\">Demanding immediate responses, the protesters carried signs and slogans to the attention of government authorities; while reiterating, at the same time, a willingness for dialogue that allows for solutions in the execution of pending projects.<\/p>\n\n\n\n<p class=\"wp-block-paragraph\">The mobilization took place in an orderly manner in front of the Executive Branch headquarters, where representatives of said municipality called the Government&#8217;s attention to honor the commitments made to the community, and to expedite the start of priority works announced more than two years ago.<\/p>\n\n\n\n<figure class=\"wp-block-image size-large\"><img decoding=\"async\" src=\"https:\/\/deultimominuto.com\/wp-content\/uploads\/2026\/06\/WhatsApp-Image-2026-06-09-at-2.30.06-PM-1024x768.jpeg\" alt=\"\" class=\"wp-image-672956\" title=\"\"><\/figure>\n","protected":false},"excerpt":{"rendered":"<p>By: Esmil de Jes\u00fas Hern\u00e1ndez Capell\u00e1n Constanza.- A peaceful demonstration in front of the National Palace was led by the mayor of the Tireo municipality, Paul Pi\u00f1a, along with community members, social leaders, and representatives from various local sectors. The objective was to demand that the Central Government fulfill a series of public works that [&hellip;]<\/p>\n","protected":false},"author":133558,"featured_media":0,"comment_status":"open","ping_status":"open","sticky":false,"template":"","format":"standard","meta":{"_acf_changed":false,"_jetpack_newsletter_access":"","_jetpack_dont_email_post_to_subs":false,"_jetpack_newsletter_tier_id":0,"_jetpack_memberships_contains_paywalled_content":false,"_jetpack_memberships_contains_paid_content":false,"footnotes":"","_members_access_role":[],"_members_access_error":""},"categories":[1],"tags":[],"class_list":["post-510725","post","type-post","status-publish","format-standard","category-uncategorized"],"acf":[],"jetpack_sharing_enabled":true,"jetpack_shortlink":"https:\/\/wp.me\/phj1q1-28Rv","jetpack_featured_media_url":"","dum_api":{"author_name":"Linda Veras","author_image":"https:\/\/deultimominuto.com\/wp-content\/uploads\/2026\/05\/cropped-WhatsApp-Image-2026-05-11-at-9.59.54-PM-96x96.jpeg","categories_name":["Uncategorized"],"featured_media_url":null},"_links":{"self":[{"href":"https:\/\/deultimominuto.com\/en\/wp-json\/wp\/v2\/posts\/510725","targetHints":{"allow":["GET"]}}],"collection":[{"href":"https:\/\/deultimominuto.com\/en\/wp-json\/wp\/v2\/posts"}],"about":[{"href":"https:\/\/deultimominuto.com\/en\/wp-json\/wp\/v2\/types\/post"}],"author":[{"embeddable":true,"href":"https:\/\/deultimominuto.com\/en\/wp-json\/wp\/v2\/users\/133558"}],"replies":[{"embeddable":true,"href":"https:\/\/deultimominuto.com\/en\/wp-json\/wp\/v2\/comments?post=510725"}],"version-history":[{"count":0,"href":"https:\/\/deultimominuto.com\/en\/wp-json\/wp\/v2\/posts\/510725\/revisions"}],"wp:attachment":[{"href":"https:\/\/deultimominuto.com\/en\/wp-json\/wp\/v2\/media?parent=510725"}],"wp:term":[{"taxonomy":"category","embeddable":true,"href":"https:\/\/deultimominuto.com\/en\/wp-json\/wp\/v2\/categories?post=510725"},{"taxonomy":"post_tag","embeddable":true,"href":"https:\/\/deultimominuto.com\/en\/wp-json\/wp\/v2\/tags?post=510725"}],"curies":[{"name":"wp","href":"https:\/\/api.w.org\/{rel}","templated":true}]}}