{"id":510782,"date":"2026-06-09T19:41:48","date_gmt":"2026-06-09T23:41:48","guid":{"rendered":"https:\/\/deultimominuto.net\/en\/uncategorized\/el-torito-and-pavel-nunez-headline-the-musical-tribute-for-the-women-who-inspire-awards\/"},"modified":"2026-06-09T19:41:48","modified_gmt":"2026-06-09T23:41:48","slug":"el-torito-and-pavel-nunez-headline-the-musical-tribute-for-the-women-who-inspire-awards","status":"publish","type":"post","link":"https:\/\/deultimominuto.com\/en\/entertainment\/el-torito-and-pavel-nunez-headline-the-musical-tribute-for-the-women-who-inspire-awards\/","title":{"rendered":"El Torito and Pavel N\u00fa\u00f1ez headline the musical tribute for the Women Who Inspire Awards"},"content":{"rendered":"\n<p class=\"wp-block-paragraph\">For the first time, male voices lead musical segments at the awards ceremony<\/p>\n\n\n\n<p class=\"wp-block-paragraph\">Santo Domingo.\u2013 The third edition of the Women Who Inspire Awards will be filled with music featuring the voices of merengue singer H\u00e9ctor Acosta &#8220;El Torito&#8221;, singer-songwriter <strong><a href=\"https:\/\/www.youtube.com\/watch?v=9-bQadauwfA&amp;list=RD9-bQadauwfA&amp;start_radio=1\" data-type=\"link\" data-id=\"https:\/\/www.youtube.com\/watch?v=9-bQadauwfA&amp;list=RD9-bQadauwfA&amp;start_radio=1\" target=\"_blank\" rel=\"noopener\">Pavel N\u00fa\u00f1ez <\/a><\/strong>and emerging artist Marteen Franko, who will headline a tribute to women on a night where seven female personalities from different sectors of society will be recognized.<\/p>\n\n\n\n<p class=\"wp-block-paragraph\">This year, the production integrates male voices that, throughout their careers, have honored women. Therefore, of the five musical segments, three will be represented by men.<\/p>\n\n\n\n<p class=\"wp-block-paragraph\"><strong>You might be interested in:<\/strong> <a href=\"https:\/\/deultimominuto.com\/entretenimiento\/pavel-nunez-atlantis-20-anos\/\" data-type=\"post\" data-id=\"500364\">Pavel N\u00fa\u00f1ez excited for his concert \u201cATLANTIS, 20 YEARS\u201d<\/a><\/p>\n\n\n\n<figure class=\"wp-block-pullquote\"><blockquote><p>\u201cEste a\u00f1o contamos con el carisma y el talento de tres hombres que, desde sus espacios y trayectorias, est\u00e1n haciendo sus aportes al arte y al reconocimiento de la mujer dominicana\u201d, sostuvo Elka N\u00fa\u00f1ez,productora general del evento. Por tercera ocasi\u00f3n, el premio re\u00fane a mujeres de diferentes partes del pa\u00eds para celebrar sus logros y compromiso.<\/p><\/blockquote><\/figure>\n\n\n\n<p class=\"wp-block-paragraph\">For this occasion, the female representation is in the hands of Clara Gonz\u00e1lez, an artist who is making her way with talent and a good repertoire; as well as Williamny Bison\u00f3, who is part of the new artists training at the International School of Contemporary Music of the Pedro Henr\u00edquez Ure\u00f1a National University (UNPHU), and will be in charge of performing the official theme of the awards, \u201cToda mujer,\u201d composed by Cinthia Montero, with arrangements by Antonio Gonz\u00e1lez, the award&#8217;s musical director.<\/p>\n\n\n\n<p class=\"wp-block-paragraph\">\u201cThis year we created a synergy with the UNPHU International School of Music, because it is important that in spaces like this award we can make visible those emerging talents who are being trained and need our support. The school does a formidable job that we want to continue projecting,\u201d said Emelyn Baldera, executive producer and creator of the award, which continues to consolidate itself as a platform for recognizing female leadership. For this edition, 1,412 applications were registered from women from different countries around the world.<\/p>\n\n\n\n<p class=\"wp-block-paragraph\">The awards ceremony will be held on June 23rd at the Casa San Pablo Theater and will have the support of public and private institutions committed to recognizing women&#8217;s contribution to the development of society.<\/p>\n\n\n\n<p class=\"wp-block-paragraph\">In three editions, the Women Who Inspire Award has become a benchmark for recognizing female leadership, highlighting stories of individuals whose legacy, talent, and commitment generate impact and serve as inspiration for new generations.<\/p>\n\n\n\n<p class=\"wp-block-paragraph\">The honorees are chosen by the members of the Advisory Council, and the award selects profiles to honor their contributions and work in the categories: Education, Professional Achievement, Social Commitment, Entrepreneurship, Professional Career, Leader of the Year, and Digital Leadership, the latter being incorporated in this edition.<\/p>\n","protected":false},"excerpt":{"rendered":"<p>For the first time, male voices lead musical segments at the awards ceremony Santo Domingo.\u2013 The third edition of the Women Who Inspire Awards will be filled with music featuring the voices of merengue singer H\u00e9ctor Acosta &#8220;El Torito&#8221;, singer-songwriter Pavel N\u00fa\u00f1ez and emerging artist Marteen Franko, who will headline a tribute to women on [&hellip;]<\/p>\n","protected":false},"author":4,"featured_media":510783,"comment_status":"open","ping_status":"open","sticky":false,"template":"","format":"standard","meta":{"_acf_changed":false,"_jetpack_newsletter_access":"","_jetpack_dont_email_post_to_subs":false,"_jetpack_newsletter_tier_id":0,"_jetpack_memberships_contains_paywalled_content":false,"_jetpack_memberships_contains_paid_content":false,"footnotes":"","_members_access_role":[],"_members_access_error":""},"categories":[5],"tags":[14749,17399,42224],"class_list":["post-510782","post","type-post","status-publish","format-standard","has-post-thumbnail","category-entertainment","tag-hector-acosta","tag-pavel-nunez","tag-the-little-bull"],"acf":[],"jetpack_sharing_enabled":true,"jetpack_shortlink":"https:\/\/wp.me\/phj1q1-28Sq","jetpack_featured_media_url":"https:\/\/deultimominuto.com\/en\/wp-content\/uploads\/sites\/2\/2026\/06\/WhatsApp-Image-2026-06-09-at-7.08.02-PM.jpeg","dum_api":{"author_name":"Redacci\u00f3n De \u00daltimo Minuto","author_image":"https:\/\/deultimominuto.com\/wp-content\/uploads\/2025\/02\/cropped-logo-de-ultimo-minuto-96x96.png","categories_name":["Entertainment"],"featured_media_url":"https:\/\/cdn.deultimominuto.com\/en\/wp-content\/uploads\/sites\/2\/2026\/06\/WhatsApp-Image-2026-06-09-at-7.08.02-PM.jpeg"},"_links":{"self":[{"href":"https:\/\/deultimominuto.com\/en\/wp-json\/wp\/v2\/posts\/510782","targetHints":{"allow":["GET"]}}],"collection":[{"href":"https:\/\/deultimominuto.com\/en\/wp-json\/wp\/v2\/posts"}],"about":[{"href":"https:\/\/deultimominuto.com\/en\/wp-json\/wp\/v2\/types\/post"}],"author":[{"embeddable":true,"href":"https:\/\/deultimominuto.com\/en\/wp-json\/wp\/v2\/users\/4"}],"replies":[{"embeddable":true,"href":"https:\/\/deultimominuto.com\/en\/wp-json\/wp\/v2\/comments?post=510782"}],"version-history":[{"count":0,"href":"https:\/\/deultimominuto.com\/en\/wp-json\/wp\/v2\/posts\/510782\/revisions"}],"wp:featuredmedia":[{"embeddable":true,"href":"https:\/\/deultimominuto.com\/en\/wp-json\/wp\/v2\/media\/510783"}],"wp:attachment":[{"href":"https:\/\/deultimominuto.com\/en\/wp-json\/wp\/v2\/media?parent=510782"}],"wp:term":[{"taxonomy":"category","embeddable":true,"href":"https:\/\/deultimominuto.com\/en\/wp-json\/wp\/v2\/categories?post=510782"},{"taxonomy":"post_tag","embeddable":true,"href":"https:\/\/deultimominuto.com\/en\/wp-json\/wp\/v2\/tags?post=510782"}],"curies":[{"name":"wp","href":"https:\/\/api.w.org\/{rel}","templated":true}]}}