{"id":511841,"date":"2026-06-20T10:57:34","date_gmt":"2026-06-20T14:57:34","guid":{"rendered":"https:\/\/deultimominuto.net\/en\/uncategorized\/national-police-rotates-four-regional-directors-to-reinforce-security-strategies\/"},"modified":"2026-06-20T10:57:34","modified_gmt":"2026-06-20T14:57:34","slug":"national-police-rotates-four-regional-directors-to-reinforce-security-strategies","status":"publish","type":"post","link":"https:\/\/deultimominuto.com\/en\/dominican-news\/national-police-rotates-four-regional-directors-to-reinforce-security-strategies\/","title":{"rendered":"&#8220;National Police rotates four regional directors to reinforce security strategies&#8221;"},"content":{"rendered":"&#8220;n<p class=\"wp-block-paragraph\"><strong>Santo Domingo<\/strong>. The General Directorate of the National Police announced the rotation of four general officers who headed different regional directorates, as part of actions aimed at strengthening citizen security strategies and streamlining operational management throughout the national territory.<\/p>n&#8221;\n\n&#8220;n<p class=\"wp-block-paragraph\">The appointments include General Julio C\u00e9sar Acosta F\u00e9lix, who will assume the Northeast Regional Directorate, based in San Francisco de Macor\u00eds, replacing General Leonicio Natera Melenciano.<\/p>n&#8221;\n\n&#8220;n<p class=\"wp-block-paragraph\">Likewise, General Natera Melenciano was appointed as director of the Southeast Regional Directorate, based in San Pedro de Macor\u00eds, replacing General Frank de los Santos Encarnaci\u00f3n.<\/p>n&#8221;\n\n&#8220;n<p class=\"wp-block-paragraph\"><a href=\"https:\/\/deultimominuto.com\/nacionales\/nuevos-directores-centrales-y-regionales-de-la-policia-nacional-asumen-sus-funciones\/\">You can also read: New central and regional directors of the National Police assume their duties<\/a><\/p>n&#8221;\n\n&#8220;n<p class=\"wp-block-paragraph\">Similarly, General De los Santos Encarnaci\u00f3n will now lead the Mar\u00eda Trinidad S\u00e1nchez Regional Directorate, replacing General Francisco Ortega Brito, who in turn was appointed director of the Northern Regional Directorate, based in Puerto Plata, a position previously held by General Acosta F\u00e9lix.<\/p>n&#8221;\n\n&#8220;n<p class=\"wp-block-paragraph\">The institution explained that these changes are part of an institutional strengthening policy that seeks to improve operational capacity, reinforce preventive efforts, and raise security levels in the different districts.<\/p>n&#8221;\n\n&#8220;n<p class=\"wp-block-paragraph\">The National Police reiterated its commitment to continue promoting a more efficient management model, closer to the citizenry and aligned with its institutional transformation and modernization process.<\/p>n&#8221;","protected":false},"excerpt":{"rendered":"<p>&#8220;n Santo Domingo. The General Directorate of the National Police announced the rotation of four general officers who headed different regional directorates, as part of actions aimed at strengthening citizen security strategies and streamlining operational management throughout the national territory. n&#8221; &#8220;n The appointments include General Julio C\u00e9sar Acosta F\u00e9lix, who will assume the Northeast [&hellip;]<\/p>\n","protected":false},"author":4,"featured_media":511842,"comment_status":"open","ping_status":"open","sticky":false,"template":"","format":"standard","meta":{"_acf_changed":false,"_jetpack_newsletter_access":"","_jetpack_dont_email_post_to_subs":false,"_jetpack_newsletter_tier_id":0,"_jetpack_memberships_contains_paywalled_content":false,"_jetpack_memberships_contains_paid_content":false,"footnotes":"","_members_access_role":[],"_members_access_error":""},"categories":[40216],"tags":[44244,40357],"class_list":["post-511841","post","type-post","status-publish","format-standard","has-post-thumbnail","category-dominican-news","tag-regional-directors","tag-national-police"],"acf":[],"jetpack_sharing_enabled":true,"jetpack_shortlink":"https:\/\/wp.me\/phj1q1-299v","jetpack_featured_media_url":"https:\/\/deultimominuto.com\/en\/wp-content\/uploads\/sites\/2\/2026\/06\/WhatsApp-Image-2026-06-20-at-10.28.42-AM.jpeg","dum_api":{"author_name":"Redacci\u00f3n De \u00daltimo Minuto","author_image":"https:\/\/deultimominuto.com\/wp-content\/uploads\/2025\/02\/cropped-logo-de-ultimo-minuto-96x96.png","categories_name":["Dominican News"],"featured_media_url":"https:\/\/cdn.deultimominuto.com\/en\/wp-content\/uploads\/sites\/2\/2026\/06\/WhatsApp-Image-2026-06-20-at-10.28.42-AM.jpeg"},"_links":{"self":[{"href":"https:\/\/deultimominuto.com\/en\/wp-json\/wp\/v2\/posts\/511841","targetHints":{"allow":["GET"]}}],"collection":[{"href":"https:\/\/deultimominuto.com\/en\/wp-json\/wp\/v2\/posts"}],"about":[{"href":"https:\/\/deultimominuto.com\/en\/wp-json\/wp\/v2\/types\/post"}],"author":[{"embeddable":true,"href":"https:\/\/deultimominuto.com\/en\/wp-json\/wp\/v2\/users\/4"}],"replies":[{"embeddable":true,"href":"https:\/\/deultimominuto.com\/en\/wp-json\/wp\/v2\/comments?post=511841"}],"version-history":[{"count":0,"href":"https:\/\/deultimominuto.com\/en\/wp-json\/wp\/v2\/posts\/511841\/revisions"}],"wp:featuredmedia":[{"embeddable":true,"href":"https:\/\/deultimominuto.com\/en\/wp-json\/wp\/v2\/media\/511842"}],"wp:attachment":[{"href":"https:\/\/deultimominuto.com\/en\/wp-json\/wp\/v2\/media?parent=511841"}],"wp:term":[{"taxonomy":"category","embeddable":true,"href":"https:\/\/deultimominuto.com\/en\/wp-json\/wp\/v2\/categories?post=511841"},{"taxonomy":"post_tag","embeddable":true,"href":"https:\/\/deultimominuto.com\/en\/wp-json\/wp\/v2\/tags?post=511841"}],"curies":[{"name":"wp","href":"https:\/\/api.w.org\/{rel}","templated":true}]}}