{"id":512103,"date":"2026-06-22T21:59:22","date_gmt":"2026-06-23T01:59:22","guid":{"rendered":"https:\/\/deultimominuto.net\/en\/uncategorized\/tension-on-x-santiago-matias-and-opcion-democratica-exchange-strong-attacks\/"},"modified":"2026-06-22T21:59:22","modified_gmt":"2026-06-23T01:59:22","slug":"tension-on-x-santiago-matias-and-opcion-democratica-exchange-strong-attacks","status":"publish","type":"post","link":"https:\/\/deultimominuto.com\/en\/dominican-news\/tension-on-x-santiago-matias-and-opcion-democratica-exchange-strong-attacks\/","title":{"rendered":"&#8220;Tension on X: Santiago Mat\u00edas and Opci\u00f3n Democr\u00e1tica exchange strong attacks&#8221;"},"content":{"rendered":"&#8220;n<p class=\"wp-block-paragraph\"><strong>Santo Domingo.- <\/strong>A public confrontation between the Opci\u00f3n Democr\u00e1tica party and the <a href=\"https:\/\/deultimominuto.com\/historia\/biografias\/santiago-matias\/\">businessman<\/a> and communicator Santiago Mat\u00edas ignited political debate on social media, amidst speculation regarding a potential presidential bid by the founder of Alofoke Media Group.<\/p>n&#8221;\n\n&#8220;n<p class=\"wp-block-paragraph\">The controversy began when the official Opci\u00f3n Democr\u00e1tica account posted a message on the social network X in which it listed what it termed as &#8220;five true sewers of Dominican politics,&#8221; including issues related to the cost of electricity, the economic situation, the migration of young people, and alleged acts of corruption.<\/p>n&#8221;\n\n&#8220;n<p class=\"wp-block-paragraph\">Among the points highlighted by the political organization was a reference to the alleged use of Senasa funds to finance political campaigns, in addition to questioning the country&#8217;s traditional political model.<\/p>n&#8221;\n\n&#8220;n<p class=\"wp-block-paragraph\">The publication provoked an immediate reaction from Santiago Mat\u00edas, who responded forcefully against the political organization, labeling it a \u201cleft-wing sewer\u201d and questioning the representation and principles defended by that entity.<\/p>n&#8221;\n\n&#8220;n<p class=\"wp-block-paragraph\"><strong>We recommend reading: <a href=\"https:\/\/deultimominuto.com\/entretenimiento\/santiago-matias-gran-soberano-2\/\">Santiago Mat\u00edas: \u201cThis year I deserve the Gran Soberano\u201d<\/a><\/strong><\/p>n&#8221;\n\n&#8220;n<p class=\"wp-block-paragraph\">\u201cOpci\u00f3n Democr\u00e1tica is a leftist sewer that goes against everything our country stands for,\u201d wrote Mat\u00edas on his X account, in a response that quickly generated thousands of interactions and comments.<\/p>n&#8221;\n\n&#8220;n<p class=\"wp-block-paragraph\">The exchange comes at a time when various political and social sectors have begun to react to the possibility of the media entrepreneur formally entering Dominican electoral politics ahead of the 2028 electoral period.<\/p>n&#8221;\n\n&#8220;n<p class=\"wp-block-paragraph\">Although Santiago Mat\u00edas has not made a presidential candidacy official, his frequent statements on issues of national interest and the recent responses from political organizations show that his figure is beginning to occupy space within the national political debate.<\/p>n&#8221;\n\n&#8220;n<p class=\"wp-block-paragraph\">The clash between both parties has generated divided opinions on social media, where followers and detractors of both actors have maintained an intense discussion about the role of new leaderships and the direction of Dominican politics.<\/p>n&#8221;","protected":false},"excerpt":{"rendered":"<p>&#8220;n Santo Domingo.- A public confrontation between the Opci\u00f3n Democr\u00e1tica party and the businessman and communicator Santiago Mat\u00edas ignited political debate on social media, amidst speculation regarding a potential presidential bid by the founder of Alofoke Media Group. n&#8221; &#8220;n The controversy began when the official Opci\u00f3n Democr\u00e1tica account posted a message on the social [&hellip;]<\/p>\n","protected":false},"author":133556,"featured_media":512104,"comment_status":"open","ping_status":"open","sticky":false,"template":"","format":"standard","meta":{"_acf_changed":false,"_jetpack_newsletter_access":"","_jetpack_dont_email_post_to_subs":false,"_jetpack_newsletter_tier_id":0,"_jetpack_memberships_contains_paywalled_content":false,"_jetpack_memberships_contains_paid_content":false,"footnotes":"","_members_access_role":[],"_members_access_error":""},"categories":[40216],"tags":[44267,15302],"class_list":["post-512103","post","type-post","status-publish","format-standard","has-post-thumbnail","category-dominican-news","tag-democratic-option","tag-alofoke-media-group"],"acf":[],"jetpack_sharing_enabled":true,"jetpack_shortlink":"https:\/\/wp.me\/phj1q1-29dJ","jetpack_featured_media_url":"https:\/\/deultimominuto.com\/en\/wp-content\/uploads\/sites\/2\/2026\/06\/A-LA-CLARA-3.jpg.jpeg","dum_api":{"author_name":"Yerandi Santana","author_image":"https:\/\/deultimominuto.com\/wp-content\/uploads\/2026\/02\/cropped-WhatsApp-Image-2026-02-13-at-5.35.07-PM-96x96.jpeg","categories_name":["Dominican News"],"featured_media_url":"https:\/\/cdn.deultimominuto.com\/en\/wp-content\/uploads\/sites\/2\/2026\/06\/A-LA-CLARA-3.jpg.jpeg"},"_links":{"self":[{"href":"https:\/\/deultimominuto.com\/en\/wp-json\/wp\/v2\/posts\/512103","targetHints":{"allow":["GET"]}}],"collection":[{"href":"https:\/\/deultimominuto.com\/en\/wp-json\/wp\/v2\/posts"}],"about":[{"href":"https:\/\/deultimominuto.com\/en\/wp-json\/wp\/v2\/types\/post"}],"author":[{"embeddable":true,"href":"https:\/\/deultimominuto.com\/en\/wp-json\/wp\/v2\/users\/133556"}],"replies":[{"embeddable":true,"href":"https:\/\/deultimominuto.com\/en\/wp-json\/wp\/v2\/comments?post=512103"}],"version-history":[{"count":0,"href":"https:\/\/deultimominuto.com\/en\/wp-json\/wp\/v2\/posts\/512103\/revisions"}],"wp:featuredmedia":[{"embeddable":true,"href":"https:\/\/deultimominuto.com\/en\/wp-json\/wp\/v2\/media\/512104"}],"wp:attachment":[{"href":"https:\/\/deultimominuto.com\/en\/wp-json\/wp\/v2\/media?parent=512103"}],"wp:term":[{"taxonomy":"category","embeddable":true,"href":"https:\/\/deultimominuto.com\/en\/wp-json\/wp\/v2\/categories?post=512103"},{"taxonomy":"post_tag","embeddable":true,"href":"https:\/\/deultimominuto.com\/en\/wp-json\/wp\/v2\/tags?post=512103"}],"curies":[{"name":"wp","href":"https:\/\/api.w.org\/{rel}","templated":true}]}}