{"id":512140,"date":"2026-06-23T14:07:29","date_gmt":"2026-06-23T18:07:29","guid":{"rendered":"https:\/\/deultimominuto.net\/en\/uncategorized\/alfonso-rodriguez-returns-to-television-he-takes-over-mariasela-alvarezs-time-slot-on-color-vision\/"},"modified":"2026-06-23T14:07:29","modified_gmt":"2026-06-23T18:07:29","slug":"alfonso-rodriguez-returns-to-television-he-takes-over-mariasela-alvarezs-time-slot-on-color-vision","status":"publish","type":"post","link":"https:\/\/deultimominuto.com\/en\/entertainment\/television\/alfonso-rodriguez-returns-to-television-he-takes-over-mariasela-alvarezs-time-slot-on-color-vision\/","title":{"rendered":"&#8220;Alfonso Rodr\u00edguez returns to television; he takes over Mariasela \u00c1lvarez&#8217;s time slot on Color Visi\u00f3n&#8221;"},"content":{"rendered":"&#8220;n<p class=\"has-text-align-left wp-block-paragraph\">Filmmaker and television producer Alfonso Rodr\u00edguez returns to the small screen in September of this year with an entertainment-oriented production called Bember\u00e9, which will bring together prominent figures of Dominican show business.<\/p>n&#8221;\n\n&#8220;n<p class=\"has-text-align-left wp-block-paragraph\">The program will be broadcast live during prime time, Monday through Friday, from 8:00 to 9:00 at night, on Channel 9, Color Visi\u00f3n, and simultaneously on YouTube, Instagram, and TikTok.<\/p>n&#8221;\n\n&#8220;n<p class=\"has-text-align-left wp-block-paragraph\">Bember\u00e9 is a partnership between X102 and Producciones Alfonso Rodr\u00edguez, associated with Color Visi\u00f3n, which explains the integration of talent from both media outlets within the program.<\/p>n&#8221;\n\n&#8220;n<p class=\"has-text-align-left wp-block-paragraph\"><strong>Betting on local television and young talent<\/strong><\/p>n&#8221;\n\n&#8220;n<p class=\"has-text-align-left wp-block-paragraph\">&#8220;We are returning to television and, as always, we will continue to bet on local television and young talent, as well as experienced ones. I want to thank the welcome we have received from the executives of Color Visi\u00f3n, in the person of its CEO, Domingo Berm\u00fadez, as well as its director, \u00c1ngel Laureano, and the sales team,&#8221; expressed Rodr\u00edguez.<\/p>n&#8221;\n\n&#8220;n<p class=\"has-text-align-left wp-block-paragraph\">Alfonso Rodr\u00edguez has a prominent footprint in Dominican television and cinema. In recent years, he held the position of Dominican Consul in Los Angeles, United States, a role that concluded recently, which is why he is resuming his agenda in the creative industry with this new project.<\/p>n&#8221;\n\n&#8220;n<p class=\"has-text-align-left wp-block-paragraph\"><strong>The cast that will accompany Alfonso Rodr\u00edguez<\/strong><\/p>n&#8221;\n\n&#8220;n<p class=\"has-text-align-left wp-block-paragraph\">Bember\u00e9 will feature a main cast composed of actor and presenter Juan Carlos Pichardo, communicator Carmen Rodr\u00edguez, actor Christian \u00c1lvarez, Zaidi Bello, Damian N\u00fa\u00f1ez, actor Fernando Rodr\u00edguez, and the versatile actress Lumy Lizardo, the latter transforming into various figures of Dominican and international public life.<\/p>n&#8221;\n\n&#8220;n<p class=\"has-text-align-left wp-block-paragraph\">Actor and singer Axel Mansilla joins in the musical segment &#8220;The Canto&#8221;; choreographer Eddy Kew, and communicator Alan Delmonte, in charge of the &#8220;Bember\u00e9 Explicada&#8221; segment.<\/p>n&#8221;\n\n&#8220;n<p class=\"has-text-align-left wp-block-paragraph\">One of the additions is Elizabeth Turra, who will have her own reality-style segment called TurraMatch.<\/p>n&#8221;\n\n&#8220;n<p class=\"has-text-align-left wp-block-paragraph\">The prominent actor and comedian Juan Carlos Pichardo will take on a starring role in the production, combining several roles in the Bember\u00e9 universe.<\/p>n&#8221;\n\n&#8220;n<p class=\"has-text-align-left wp-block-paragraph\"><strong>Guest presenters<\/strong><\/p>n&#8221;\n\n&#8220;n<p class=\"has-text-align-left wp-block-paragraph\">Alfonso Rodr\u00edguez revealed that Bember\u00e9 will feature rotating guest presenters. Among the confirmed talents, from both Color Visi\u00f3n and X102, are Carolina Feliz, Reymond and Miguel, Iv\u00e1n Ruiz, Ico Abreu, Luis Jos\u00e9 Germ\u00e1n, Mar\u00eda Ang\u00e9lica Ure\u00f1a, and Ivana Gavrilovic, among others.<\/p>n&#8221;\n\n&#8220;n<p class=\"has-text-align-left wp-block-paragraph\"><strong>A variety show<\/strong><\/p>n&#8221;\n\n&#8220;n<p class=\"has-text-align-left wp-block-paragraph\">Bember\u00e9 is defined as a variety show that combines entertainment, humor, music, and information in a single space.<\/p>n&#8221;\n\n&#8220;n<p class=\"wp-block-paragraph\">The proposal, more than a program: it is a pulse, a space where reality, humor, music, and improvisation meet every night to remind us that television can still be a party.<\/p>n&#8221;\n\n&#8220;n<p class=\"wp-block-paragraph\">The return of Alfonso Rodr\u00edguez to Dominican television, following his time in the diplomatic service as Consul in Los Angeles, marks the comeback of a figure with a career in film and television to the creative industry that shaped him.<\/p>n&#8221;\n\n&#8220;n<p class=\"wp-block-paragraph\">The alliance between X102 and Producciones Alfonso Rodr\u00edguez, together with the support of Color Visi\u00f3n, points to a robust multiplatform project that combines broadcast television, radio, and vertical formats designed for social media, in tune with the latest content consumption trends.<\/p>n&#8221;\n\n&#8220;n<p class=\"wp-block-paragraph\"><\/p>n&#8221;","protected":false},"excerpt":{"rendered":"<p>&#8220;n Filmmaker and television producer Alfonso Rodr\u00edguez returns to the small screen in September of this year with an entertainment-oriented production called Bember\u00e9, which will bring together prominent figures of Dominican show business. n&#8221; &#8220;n The program will be broadcast live during prime time, Monday through Friday, from 8:00 to 9:00 at night, on Channel [&hellip;]<\/p>\n","protected":false},"author":4,"featured_media":512141,"comment_status":"open","ping_status":"open","sticky":false,"template":"","format":"standard","meta":{"_acf_changed":false,"_jetpack_newsletter_access":"","_jetpack_dont_email_post_to_subs":false,"_jetpack_newsletter_tier_id":0,"_jetpack_memberships_contains_paywalled_content":false,"_jetpack_memberships_contains_paid_content":false,"footnotes":"","_members_access_role":[],"_members_access_error":""},"categories":[37881],"tags":[44269,21165,28118,13638],"class_list":["post-512140","post","type-post","status-publish","format-standard","has-post-thumbnail","category-television","tag-bembere","tag-alfonso-rodriguez","tag-color-vision","tag-television"],"acf":[],"jetpack_sharing_enabled":true,"jetpack_shortlink":"https:\/\/wp.me\/phj1q1-29ek","jetpack_featured_media_url":"https:\/\/deultimominuto.com\/en\/wp-content\/uploads\/sites\/2\/2026\/06\/Alfonso-Rodriguez.jpg","dum_api":{"author_name":"Redacci\u00f3n De \u00daltimo Minuto","author_image":"https:\/\/deultimominuto.com\/wp-content\/uploads\/2025\/02\/cropped-logo-de-ultimo-minuto-96x96.png","categories_name":["Television"],"featured_media_url":"https:\/\/cdn.deultimominuto.com\/en\/wp-content\/uploads\/sites\/2\/2026\/06\/Alfonso-Rodriguez.jpg"},"_links":{"self":[{"href":"https:\/\/deultimominuto.com\/en\/wp-json\/wp\/v2\/posts\/512140","targetHints":{"allow":["GET"]}}],"collection":[{"href":"https:\/\/deultimominuto.com\/en\/wp-json\/wp\/v2\/posts"}],"about":[{"href":"https:\/\/deultimominuto.com\/en\/wp-json\/wp\/v2\/types\/post"}],"author":[{"embeddable":true,"href":"https:\/\/deultimominuto.com\/en\/wp-json\/wp\/v2\/users\/4"}],"replies":[{"embeddable":true,"href":"https:\/\/deultimominuto.com\/en\/wp-json\/wp\/v2\/comments?post=512140"}],"version-history":[{"count":0,"href":"https:\/\/deultimominuto.com\/en\/wp-json\/wp\/v2\/posts\/512140\/revisions"}],"wp:featuredmedia":[{"embeddable":true,"href":"https:\/\/deultimominuto.com\/en\/wp-json\/wp\/v2\/media\/512141"}],"wp:attachment":[{"href":"https:\/\/deultimominuto.com\/en\/wp-json\/wp\/v2\/media?parent=512140"}],"wp:term":[{"taxonomy":"category","embeddable":true,"href":"https:\/\/deultimominuto.com\/en\/wp-json\/wp\/v2\/categories?post=512140"},{"taxonomy":"post_tag","embeddable":true,"href":"https:\/\/deultimominuto.com\/en\/wp-json\/wp\/v2\/tags?post=512140"}],"curies":[{"name":"wp","href":"https:\/\/api.w.org\/{rel}","templated":true}]}}