{"id":512142,"date":"2026-06-23T14:42:57","date_gmt":"2026-06-23T18:42:57","guid":{"rendered":"https:\/\/deultimominuto.net\/en\/uncategorized\/trial-against-former-councilman-elias-polanco-postponed-due-to-failure-of-key-witnesses-to-appear\/"},"modified":"2026-06-23T14:42:57","modified_gmt":"2026-06-23T18:42:57","slug":"trial-against-former-councilman-elias-polanco-postponed-due-to-failure-of-key-witnesses-to-appear","status":"publish","type":"post","link":"https:\/\/deultimominuto.com\/en\/uncategorized\/trial-against-former-councilman-elias-polanco-postponed-due-to-failure-of-key-witnesses-to-appear\/","title":{"rendered":"&#8220;Trial against former councilman El\u00edas Polanco postponed due to failure of key witnesses to appear&#8221;"},"content":{"rendered":"&#8220;n<p class=\"wp-block-paragraph\"><strong>San Francisco de Macor\u00eds<\/strong>. \u2013 A <strong><a href=\"https:\/\/poderjudicial.gob.do\/sala\/primer-tribunal-colegiado-de-la-camara-penal-del-juzgado-de-primera-instancia-de-duarte\/\" target=\"_blank\" rel=\"noopener\">Collegiate Court of the Duarte province<\/a><\/strong> postponed until next August 20 the merits trial hearing against the former councilman for the municipality of <strong>Tenares<\/strong>, <strong>El\u00edas Jos\u00e9 Polanco Taveras<\/strong>, accused of illicit migrant trafficking in connection with the disappearance of Luis Escol\u00e1stico Minaya.<\/p>n&#8221;\n\n&#8220;n<p class=\"wp-block-paragraph\">The postponement was mainly due to the failure of several key witnesses summoned for the proceedings to appear, as well as the impossibility of examining the large volume of evidence in a single day, given that the court&#8217;s composition for this day was scheduled only for one session.<\/p>n&#8221;\n\n&#8220;n<p class=\"wp-block-paragraph\">Upon leaving the courtroom, lawyer Guadalupe Marte explained the technical reasons that motivated the court&#8217;s decision to postpone the hearing of the case.<\/p>n&#8221;\n\n&#8220;n<h5 class=\"wp-block-heading\"><strong>We recommend reading: <a href=\"https:\/\/deultimominuto.com\/nacionales\/capturan-a-extranjero-en-el-aeropuerto-del-cibao-con-paquetes-de-presunta-cocaina-en-su-equipaje\/\">Foreigner captured at Cibao Airport with packages of alleged cocaine in their luggage<\/a><\/strong><\/h5>n&#8221;\n\n&#8220;n<p class=\"wp-block-paragraph\">&#8220;<strong>The court had a composition of only one day and, unfortunately, the entire case could not be heard because there is a large amount of evidence that must be elucidated, not just in one day, but over several<\/strong>&#8220;, detailed Marte.<\/p>n&#8221;\n\n&#8220;n<p class=\"wp-block-paragraph\">The jurist confirmed that the next date set is August 20th of this year, where it is intended to definitively determine the criminal liability or lack thereof of the accused. Likewise, she specified the nature of the accusation:<\/p>n&#8221;\n\n&#8220;n<p class=\"wp-block-paragraph\"><strong>Despair and demand for family justice<\/strong><\/p>n&#8221;\n\n&#8220;n<p class=\"wp-block-paragraph\">The hearing was marked by the pain and indignation of the victim&#8217;s relatives. Luis Escol\u00e1stico Minaya&#8217;s mother expressed to the media her deep frustration over the constant postponements of the legal process, which has already dragged on for more than three years without concrete answers regarding her son&#8217;s whereabouts.<\/p>n&#8221;\n\n&#8220;n<p class=\"wp-block-paragraph\">Visibly affected, the mother criticized the non-appearance of the witnesses, specifically mentioning a citizen identified as Jos\u00e9 Gregorio Antonio N\u00fa\u00f1ez (known as &#8220;Goyo&#8221;), and denounced what she perceives as a lack of willingness to clarify the case.<\/p>n&#8221;\n\n&#8220;n<p class=\"wp-block-paragraph\">&#8220;<strong>It has been three years and three months since my son went missing and there is still no word of him. And who took my son from here? It was El\u00edas Polanco, when everyone knows that he takes people out of this country by paying him sums of money<\/strong>&#8220;, she expressed through tears.<\/p>n&#8221;\n\n&#8220;n<p class=\"wp-block-paragraph\">The mother energetically demanded that the judicial authorities expedite the process and that those involved show their faces so that justice may be served for the disappearance of her son.<\/p>n&#8221;\n\n&#8220;n<p class=\"wp-block-paragraph\"><\/p>n&#8221;","protected":false},"excerpt":{"rendered":"<p>&#8220;n San Francisco de Macor\u00eds. \u2013 A Collegiate Court of the Duarte province postponed until next August 20 the merits trial hearing against the former councilman for the municipality of Tenares, El\u00edas Jos\u00e9 Polanco Taveras, accused of illicit migrant trafficking in connection with the disappearance of Luis Escol\u00e1stico Minaya. n&#8221; &#8220;n The postponement was mainly [&hellip;]<\/p>\n","protected":false},"author":133558,"featured_media":0,"comment_status":"open","ping_status":"open","sticky":false,"template":"","format":"standard","meta":{"_acf_changed":false,"_jetpack_newsletter_access":"","_jetpack_dont_email_post_to_subs":false,"_jetpack_newsletter_tier_id":0,"_jetpack_memberships_contains_paywalled_content":false,"_jetpack_memberships_contains_paid_content":false,"footnotes":"","_members_access_role":[],"_members_access_error":""},"categories":[1],"tags":[],"class_list":["post-512142","post","type-post","status-publish","format-standard","category-uncategorized"],"acf":[],"jetpack_sharing_enabled":true,"jetpack_shortlink":"https:\/\/wp.me\/phj1q1-29em","jetpack_featured_media_url":"","dum_api":{"author_name":"Linda Veras","author_image":"https:\/\/deultimominuto.com\/wp-content\/uploads\/2026\/05\/cropped-WhatsApp-Image-2026-05-11-at-9.59.54-PM-96x96.jpeg","categories_name":["Uncategorized"],"featured_media_url":null},"_links":{"self":[{"href":"https:\/\/deultimominuto.com\/en\/wp-json\/wp\/v2\/posts\/512142","targetHints":{"allow":["GET"]}}],"collection":[{"href":"https:\/\/deultimominuto.com\/en\/wp-json\/wp\/v2\/posts"}],"about":[{"href":"https:\/\/deultimominuto.com\/en\/wp-json\/wp\/v2\/types\/post"}],"author":[{"embeddable":true,"href":"https:\/\/deultimominuto.com\/en\/wp-json\/wp\/v2\/users\/133558"}],"replies":[{"embeddable":true,"href":"https:\/\/deultimominuto.com\/en\/wp-json\/wp\/v2\/comments?post=512142"}],"version-history":[{"count":0,"href":"https:\/\/deultimominuto.com\/en\/wp-json\/wp\/v2\/posts\/512142\/revisions"}],"wp:attachment":[{"href":"https:\/\/deultimominuto.com\/en\/wp-json\/wp\/v2\/media?parent=512142"}],"wp:term":[{"taxonomy":"category","embeddable":true,"href":"https:\/\/deultimominuto.com\/en\/wp-json\/wp\/v2\/categories?post=512142"},{"taxonomy":"post_tag","embeddable":true,"href":"https:\/\/deultimominuto.com\/en\/wp-json\/wp\/v2\/tags?post=512142"}],"curies":[{"name":"wp","href":"https:\/\/api.w.org\/{rel}","templated":true}]}}