{"id":512170,"date":"2026-06-23T19:02:35","date_gmt":"2026-06-23T23:02:35","guid":{"rendered":"https:\/\/deultimominuto.net\/en\/uncategorized\/possible-heart-attack-may-have-caused-the-death-of-the-owner-of-optica-almanzar-family-members-highlight-his-human-legacy\/"},"modified":"2026-06-23T19:04:32","modified_gmt":"2026-06-23T23:04:32","slug":"possible-heart-attack-may-have-caused-the-death-of-the-owner-of-optica-almanzar-family-members-highlight-his-human-legacy","status":"publish","type":"post","link":"https:\/\/deultimominuto.com\/en\/uncategorized\/possible-heart-attack-may-have-caused-the-death-of-the-owner-of-optica-almanzar-family-members-highlight-his-human-legacy\/","title":{"rendered":"&#8220;Possible heart attack may have caused the death of the owner of \u00d3ptica Alm\u00e1nzar; family members highlight his human legacy&#8221;"},"content":{"rendered":"&#8220;n<p class=\"wp-block-paragraph\"><strong>Santo Domingo<\/strong>.\u2013 The passing of businessman and environmentalist Ignacio Joga Isa has caused deep sorrow among family members and collaborators, who highlight his career dedicated to social service and the defense of the environment.<\/p>n&#8221;\n\n&#8220;n<p class=\"wp-block-paragraph\">The businessman, president of \u00d3ptica Alm\u00e1nzar and the Mundo Verde Foundation, passed away at 67 after being found on a beach in the municipality of Nagua, Mar\u00eda Trinidad S\u00e1nchez province.<\/p>n&#8221;\n\n&#8220;n<p class=\"wp-block-paragraph\">His cousin, Geral Isa, expressed the pain that the family is going through and highlighted his commitment to social and environmental causes.<\/p>n&#8221;\n\n&#8220;n<p class=\"wp-block-paragraph\">&#8220;This situation has hurt us a lot because he was a person who gave everything for the Dominican people. He spent around 40 years defending the environment and helping people. He was a leader who always thought of others,&#8221; he stated.<\/p>n&#8221;\n\n&#8220;n<h6 class=\"wp-block-heading\"><strong>You can also read: <a href=\"https:\/\/deultimominuto.com\/nacionales\/colabores-lamentan-muerte-optica\/\">collaborators mourn the death of the owner of \u00d3ptica<\/a><\/strong><\/h6>n&#8221;\n\n&#8220;n<p class=\"wp-block-paragraph\">Preliminarily, Geral indicated that the hypothesis of a possible cardiac arrest is being handled as the cause of death, although he clarified that they are awaiting the official autopsy results to confirm it.<\/p>n&#8221;\n\n&#8220;n<blockquote class=\"wp-block-quote is-layout-flow wp-block-quote-is-layout-flow\">n<p class=\"wp-block-paragraph\">&#8220;Our understanding is that it was supposedly a cardiac arrest or a heart attack, but we are waiting for the results,&#8221; he explained.<\/p>n<\/blockquote>n&#8221;\n\n&#8220;n<p class=\"wp-block-paragraph\">Geral Isa also recalled the years of work shared with his cousin on environmental initiatives, highlighting his dedication and vocation for <a href=\"https:\/\/www.youtube.com\/@deultimominutotv\" data-type=\"link\" data-id=\"https:\/\/www.youtube.com\/@deultimominutotv\" target=\"_blank\" rel=\"noopener\">service<\/a>.<\/p>n&#8221;\n\n&#8220;n<p class=\"wp-block-paragraph\">He stated that he will be remembered as an example of leadership, solidarity, and commitment to others.<\/p>n&#8221;\n\n&#8220;n<p class=\"wp-block-paragraph\">\u201dI will remember him as a great leader.<strong> He had the opportunity to live with privileges, but he preferred to dedicate his life to helping people<\/strong>\u201d, he added.<\/p>n&#8221;\n\n&#8220;n<p class=\"wp-block-paragraph\">The businessman&#8217;s remains will be viewed this Wednesday starting at 9:00 in the morning at the Blandino Funeral Home on Abraham Lincoln Avenue.<\/p>n&#8221;","protected":false},"excerpt":{"rendered":"<p>&#8220;n Santo Domingo.\u2013 The passing of businessman and environmentalist Ignacio Joga Isa has caused deep sorrow among family members and collaborators, who highlight his career dedicated to social service and the defense of the environment. n&#8221; &#8220;n The businessman, president of \u00d3ptica Alm\u00e1nzar and the Mundo Verde Foundation, passed away at 67 after being found [&hellip;]<\/p>\n","protected":false},"author":133543,"featured_media":0,"comment_status":"open","ping_status":"open","sticky":false,"template":"","format":"standard","meta":{"_acf_changed":false,"_jetpack_newsletter_access":"","_jetpack_dont_email_post_to_subs":false,"_jetpack_newsletter_tier_id":0,"_jetpack_memberships_contains_paywalled_content":false,"_jetpack_memberships_contains_paid_content":false,"footnotes":"","_members_access_role":[],"_members_access_error":""},"categories":[1],"tags":[],"class_list":["post-512170","post","type-post","status-publish","format-standard","category-uncategorized"],"acf":[],"jetpack_sharing_enabled":true,"jetpack_shortlink":"https:\/\/wp.me\/phj1q1-29eO","jetpack_featured_media_url":"","dum_api":{"author_name":"Carolina \u00c1lvarez","author_image":"https:\/\/deultimominuto.com\/wp-content\/uploads\/2026\/05\/cropped-WhatsApp-Image-2026-05-26-at-5.31.57-PM-96x96.jpeg","categories_name":["Uncategorized"],"featured_media_url":null},"_links":{"self":[{"href":"https:\/\/deultimominuto.com\/en\/wp-json\/wp\/v2\/posts\/512170","targetHints":{"allow":["GET"]}}],"collection":[{"href":"https:\/\/deultimominuto.com\/en\/wp-json\/wp\/v2\/posts"}],"about":[{"href":"https:\/\/deultimominuto.com\/en\/wp-json\/wp\/v2\/types\/post"}],"author":[{"embeddable":true,"href":"https:\/\/deultimominuto.com\/en\/wp-json\/wp\/v2\/users\/133543"}],"replies":[{"embeddable":true,"href":"https:\/\/deultimominuto.com\/en\/wp-json\/wp\/v2\/comments?post=512170"}],"version-history":[{"count":0,"href":"https:\/\/deultimominuto.com\/en\/wp-json\/wp\/v2\/posts\/512170\/revisions"}],"wp:attachment":[{"href":"https:\/\/deultimominuto.com\/en\/wp-json\/wp\/v2\/media?parent=512170"}],"wp:term":[{"taxonomy":"category","embeddable":true,"href":"https:\/\/deultimominuto.com\/en\/wp-json\/wp\/v2\/categories?post=512170"},{"taxonomy":"post_tag","embeddable":true,"href":"https:\/\/deultimominuto.com\/en\/wp-json\/wp\/v2\/tags?post=512170"}],"curies":[{"name":"wp","href":"https:\/\/api.w.org\/{rel}","templated":true}]}}