{"id":512178,"date":"2026-06-23T19:38:18","date_gmt":"2026-06-23T23:38:18","guid":{"rendered":"https:\/\/deultimominuto.net\/en\/uncategorized\/they-pay-tribute-to-the-life-and-legacy-of-luis-terror-dias-on-the-74th-anniversary-of-his-birth\/"},"modified":"2026-06-23T19:38:18","modified_gmt":"2026-06-23T23:38:18","slug":"they-pay-tribute-to-the-life-and-legacy-of-luis-terror-dias-on-the-74th-anniversary-of-his-birth","status":"publish","type":"post","link":"https:\/\/deultimominuto.com\/en\/entertainment\/they-pay-tribute-to-the-life-and-legacy-of-luis-terror-dias-on-the-74th-anniversary-of-his-birth\/","title":{"rendered":"&#8220;They pay tribute to the life and legacy of Luis \u201cTerror\u201d D\u00edas on the 74th anniversary of his birth&#8221;"},"content":{"rendered":"&#8220;n<p class=\"wp-block-paragraph\">Santo Domingo. The Arte y Cultura Ra\u00edces Foundation, together with Solfa y Tinta, held an emotional tribute to the prominent Dominican musician, composer, and cultural manager Luis \u201cTerror\u201d D\u00edas, as the 74th anniversary of his birth was commemorated this past June 21st. The event took place at Abbad Gallery and brought together artists, personalities, cultural managers, communicators, and admirers of the legacy of one of the most influential figures in Dominican popular music.<\/p>n&#8221;\n\n&#8220;n<p class=\"wp-block-paragraph\">The meeting was dedicated to exalting the trajectory and contributions of Luis D\u00edas to merengue, bachata, rock, and traditional Dominican rhythms, genres he helped transform and project from an innovative vision deeply linked to the national cultural identity.<\/p>n&#8221;\n\n&#8220;n<p class=\"wp-block-paragraph\"><strong>You might be interested in:<\/strong> <a href=\"https:\/\/deultimominuto.com\/entretenimiento\/restos-de-luis-el-terror-dias\/\" data-type=\"post\" data-id=\"493053\">Remains of Luis \u201cEl Terror\u201d D\u00edas transferred to Puerta del Cielo<\/a><\/p>n&#8221;\n\n&#8220;n<p class=\"wp-block-paragraph\">Among the attendees were singer-songwriter Dioni Fern\u00e1ndez; journalist and president of Acroarte, Marivell Contreras; cultural manager and director of Abbad Gallery, Ana Mar\u00eda Henr\u00edquez Herrera; director of the Banreservas Cultural Center, Mijael Peralta; and the vice president of Communications and Responsibility of Banreservas, Franklin Soriano, among other personalities from the artistic and cultural sphere.<\/p>n&#8221;\n\n\n<figure class=\"wp-block-image size-large is-resized\"><img decoding=\"async\" src=\"https:\/\/deultimominuto.com\/wp-content\/uploads\/2026\/06\/5d3b4345-0fcf-418a-bcd4-2dc5378f438f-1024x576.jpg\" alt=\"\" class=\"wp-image-679998\" style=\"width:595px;height:auto\" title=\"\"><\/figure>\n\n\n&#8220;n<p class=\"wp-block-paragraph\">The day included musical performances by singer Susana Silfa, who performed some of the most representative songs from the work of Luis D\u00edas and was in charge of opening the event. Likewise, she participated in a discussion with maestro Dioni Fern\u00e1ndez, during which they shared anecdotes and reflections on the artistic and human dimension of the honoree.<\/p>n&#8221;\n\n&#8220;n<p class=\"wp-block-paragraph\">The young performer Cinthia Brens was also part of the artistic program, offering a special rendition of iconic songs such as \u201cMarola\u201d.<\/p>n&#8221;\n\n\n<figure class=\"wp-block-image size-large\"><img decoding=\"async\" src=\"https:\/\/deultimominuto.com\/wp-content\/uploads\/2026\/06\/cad42166-1316-4793-88b1-11a8271b5a62-1024x576.jpg\" alt=\"\" class=\"wp-image-679994\" title=\"\"><\/figure>\n\n\n&#8220;n<p class=\"wp-block-paragraph\">During her speech, Ana Mar\u00eda Henr\u00edquez highlighted the importance of preserving the memory of Luis, who have contributed significantly to the country&#8217;s cultural development.<\/p>n&#8221;\n\n\n<figure class=\"wp-block-pullquote\"><blockquote><p>\u201cSomos muy dados a olvidar a esas grandes personas que han aportado a nuestra vida democr\u00e1tica y sociocultural. Luis, as\u00ed como otros tantos personajes, son nuestros gu\u00edas dentro de este trabajo cultural y nuestras inspiraciones. Decidimos celebrar su vida y, mientras podamos, seguiremos resaltando su legado y todos los aportes que realiz\u00f3 a la cultura dominicana\u201d, expres\u00f3.<\/p><\/blockquote><\/figure>\n\n\n&#8220;n<p class=\"wp-block-paragraph\">For her part, journalist Marivell Contreras stated that the figure of Luis D\u00edas deserves greater recognition from Dominican society due to his role as a promoter of national cultural roots.<\/p>n&#8221;\n\n\n<figure class=\"wp-block-pullquote\"><blockquote><p>\u201cMe siento muy feliz. Este es un evento que me llena el alma porque realmente creo que la Rep\u00fablica Dominicana deber\u00eda conocer m\u00e1s a Luis y rendirle honor. Nadie como Luis D\u00edas ha servido de puente para transmitir la cultura dominicana y las ra\u00edces de nuestra m\u00fasica a las nuevas generaciones a trav\u00e9s de la m\u00fasica popular\u201d, manifest\u00f3.<\/p><\/blockquote><\/figure>\n\n\n&#8220;n<p class=\"wp-block-paragraph\">Contreras also pointed out that the initiative is part of a sustained effort to spread the significance of the artist&#8217;s work.<\/p>n&#8221;\n\n&#8220;n<p class=\"wp-block-paragraph\">\u201cWe are a team that never tires of talking about Luis or working to convey what his legacy was and the immense contribution he made to Dominican music,\u201d he added.<\/p>n&#8221;\n\n&#8220;n<p class=\"wp-block-paragraph\">As part of the tribute, the organizers presented a special recognition to maestro Dioni Fern\u00e1ndez for his contributions to the Dominican music industry and for his more than four decades of artistic career.<\/p>n&#8221;\n\n\n<figure class=\"wp-block-image size-large is-resized\"><img decoding=\"async\" src=\"https:\/\/deultimominuto.com\/wp-content\/uploads\/2026\/06\/2c714dc6-56a1-4a61-a523-b511efc29618-768x1024.jpg\" alt=\"\" class=\"wp-image-679996\" style=\"width:647px;height:auto\" title=\"\"><\/figure>\n\n\n&#8220;n<p class=\"wp-block-paragraph\">Fern\u00e1ndez also participated as a special guest in a discussion on the cultural legacy of D\u00edas, taking the opportunity to highlight his closeness and experiences with the production of the song \u201cEl Guardia del Arsenal,\u201d recalling the impact that song had on the dissemination of Luis D\u00edas&#8217;s work.<\/p>n&#8221;\n\n&#8220;n<p class=\"wp-block-paragraph\">\u201cOne of the greatest satisfactions that music has given me was serving as a bridge for the Dominican people to know who Luis D\u00edas was through \u2018El Guardia del Arsenal\u2019. Thanks to that song, people embraced that great composer and his work began to spread throughout the country. Luis was a great promoter of music, literature, and the storytelling that marked an era,\u201d he expressed.<\/p>n&#8221;\n\n&#8220;n<p class=\"wp-block-paragraph\">The activity is part of a tradition that has been maintained since 2016 with the purpose of preserving and disseminating the legacy of Luis D\u00edas. Over the years, the initiative has counted on the participation of family members, friends, admirers, and renowned figures of national culture, including Pavel N\u00fa\u00f1ez and Dagoberto Tejeda, who have joined the effort to keep alive the memory of one of the most important references of Dominican music and cultural identity.<\/p>n&#8221;","protected":false},"excerpt":{"rendered":"<p>&#8220;n Santo Domingo. The Arte y Cultura Ra\u00edces Foundation, together with Solfa y Tinta, held an emotional tribute to the prominent Dominican musician, composer, and cultural manager Luis \u201cTerror\u201d D\u00edas, as the 74th anniversary of his birth was commemorated this past June 21st. The event took place at Abbad Gallery and brought together artists, personalities, [&hellip;]<\/p>\n","protected":false},"author":106,"featured_media":512179,"comment_status":"open","ping_status":"open","sticky":false,"template":"","format":"standard","meta":{"_acf_changed":false,"_jetpack_newsletter_access":"","_jetpack_dont_email_post_to_subs":false,"_jetpack_newsletter_tier_id":0,"_jetpack_memberships_contains_paywalled_content":false,"_jetpack_memberships_contains_paid_content":false,"footnotes":"","_members_access_role":[],"_members_access_error":""},"categories":[5],"tags":[22606,41490],"class_list":["post-512178","post","type-post","status-publish","format-standard","has-post-thumbnail","category-entertainment","tag-luis-terror-diaz","tag-tribute"],"acf":[],"jetpack_sharing_enabled":true,"jetpack_shortlink":"https:\/\/wp.me\/phj1q1-29eW","jetpack_featured_media_url":"https:\/\/deultimominuto.com\/en\/wp-content\/uploads\/sites\/2\/2026\/06\/362c9017-07c1-4ebe-afc3-60ed41fda5d0.jpg","dum_api":{"author_name":"Lady Alvarez","author_image":"https:\/\/deultimominuto.com\/wp-content\/uploads\/2024\/03\/cropped-Diseno-sin-titulo-35-1-96x96.jpg","categories_name":["Entertainment"],"featured_media_url":"https:\/\/cdn.deultimominuto.com\/en\/wp-content\/uploads\/sites\/2\/2026\/06\/362c9017-07c1-4ebe-afc3-60ed41fda5d0.jpg"},"_links":{"self":[{"href":"https:\/\/deultimominuto.com\/en\/wp-json\/wp\/v2\/posts\/512178","targetHints":{"allow":["GET"]}}],"collection":[{"href":"https:\/\/deultimominuto.com\/en\/wp-json\/wp\/v2\/posts"}],"about":[{"href":"https:\/\/deultimominuto.com\/en\/wp-json\/wp\/v2\/types\/post"}],"author":[{"embeddable":true,"href":"https:\/\/deultimominuto.com\/en\/wp-json\/wp\/v2\/users\/106"}],"replies":[{"embeddable":true,"href":"https:\/\/deultimominuto.com\/en\/wp-json\/wp\/v2\/comments?post=512178"}],"version-history":[{"count":0,"href":"https:\/\/deultimominuto.com\/en\/wp-json\/wp\/v2\/posts\/512178\/revisions"}],"wp:featuredmedia":[{"embeddable":true,"href":"https:\/\/deultimominuto.com\/en\/wp-json\/wp\/v2\/media\/512179"}],"wp:attachment":[{"href":"https:\/\/deultimominuto.com\/en\/wp-json\/wp\/v2\/media?parent=512178"}],"wp:term":[{"taxonomy":"category","embeddable":true,"href":"https:\/\/deultimominuto.com\/en\/wp-json\/wp\/v2\/categories?post=512178"},{"taxonomy":"post_tag","embeddable":true,"href":"https:\/\/deultimominuto.com\/en\/wp-json\/wp\/v2\/tags?post=512178"}],"curies":[{"name":"wp","href":"https:\/\/api.w.org\/{rel}","templated":true}]}}