{"id":512299,"date":"2026-06-24T21:32:33","date_gmt":"2026-06-25T01:32:33","guid":{"rendered":"https:\/\/deultimominuto.net\/en\/uncategorized\/yakaira-garcia-peralta-sworn-in-as-director-of-the-dra-evangelina-rodriguez-maternal-hospital\/"},"modified":"2026-06-24T21:34:21","modified_gmt":"2026-06-25T01:34:21","slug":"yakaira-garcia-peralta-sworn-in-as-director-of-the-dra-evangelina-rodriguez-maternal-hospital","status":"publish","type":"post","link":"https:\/\/deultimominuto.com\/en\/uncategorized\/yakaira-garcia-peralta-sworn-in-as-director-of-the-dra-evangelina-rodriguez-maternal-hospital\/","title":{"rendered":"&#8220;Yakaira Garc\u00eda Peralta sworn in as director of the Dra. Evangelina Rodr\u00edguez maternal hospital&#8221;"},"content":{"rendered":"&#8220;n<p class=\"wp-block-paragraph\"><strong>Santo Domingo<\/strong>.\u2013 The executive director of the National Health Service (SNS), Dr. Julio Landr\u00f3n, swore in Dr. <strong>Yakaira Garc\u00eda Peralta<\/strong> as the new director of the Dra. Evangelina Rodr\u00edguez Maternal Hospital, known as the Women&#8217;s Hospital, during a ceremony held at the institution&#8217;s headquarters.<\/p>n&#8221;\n\n&#8220;n<p class=\"wp-block-paragraph\">The director of the SNS valued Dr. Garc\u00eda Peralta&#8217;s solid academic background, extensive experience in healthcare management, and commitment to strengthening health services, ensuring that her leadership will contribute <a href=\"https:\/\/www.youtube.com\/@deultimominutotv\" data-type=\"link\" data-id=\"https:\/\/www.youtube.com\/@deultimominutotv\" target=\"_blank\" rel=\"noopener\">to <\/a>continuing to raise the quality of maternal and neonatal care offered by the hospital center.<\/p>n&#8221;\n\n&#8220;n<blockquote class=\"wp-block-quote is-layout-flow wp-block-quote-is-layout-flow\">n<p class=\"wp-block-paragraph\">\u201cWe trust that Dr. Yakaira Garc\u00eda Peralta will carry out a management focused on excellence, the humanization of services, and institutional strengthening, for the benefit of thousands of women and families who receive care at this important hospital,\u201d expressed Landr\u00f3n.<\/p>n<\/blockquote>n&#8221;\n\n&#8220;n<p class=\"wp-block-paragraph\">While thanking for the trust placed in her, Dr. Garc\u00eda Peralta reaffirmed her commitment to work alongside the medical, administrative, and support team to consolidate the progress achieved by the health center.<\/p>n&#8221;\n\n&#8220;n<p class=\"wp-block-paragraph\">Dr. Yakaira Garc\u00eda Peralta is a graduate of the Faculty of Health Sciences at the Autonomous University of Santo Domingo (UASD), where she obtained her degree as a Doctor of Medicine. Subsequently, she completed a specialty in Health Management and Social Security and a Master&#8217;s degree in Senior Management. She is currently pursuing a Master&#8217;s degree in Hospital Management and Health at the University of Murcia, Spain, strengthening her skills with an international vision of healthcare administration.<\/p>n&#8221;\n\n&#8220;n<h6 class=\"wp-block-heading\"><strong>You can also read: <a href=\"https:\/\/deultimominuto.com\/nacionales\/sns-e-indotel-avanzan-proyecto\/\">SNS and INDOTEL interconnect the entire Public Health Network<\/a><\/strong><\/h6>n&#8221;\n\n&#8220;n<p class=\"wp-block-paragraph\">Until her appointment, she served as director of the Dr. Jos\u00e9 Manuel Rodr\u00edguez Jim\u00e9nez Children&#8217;s Hospital, where she promoted initiatives focused on quality of care, patient safety, and administrative efficiency, consolidating that center as a national benchmark in specialized pediatric care.<\/p>n&#8221;\n\n&#8220;n<p class=\"wp-block-paragraph\">Garc\u00eda Peralta has an outstanding professional career that began in the area of medical emergencies and evolved into supervisory and auditing roles. Her experience in public management led her to hold leadership positions at the National Council for Population and Family (CONAPOFA), where she served as technical director and deputy director, contributing to the development of public policies aimed at the well-being of the population.<\/p>n&#8221;\n\n&#8220;n<p class=\"wp-block-paragraph\"><\/p>n&#8221;","protected":false},"excerpt":{"rendered":"<p>&#8220;n Santo Domingo.\u2013 The executive director of the National Health Service (SNS), Dr. Julio Landr\u00f3n, swore in Dr. Yakaira Garc\u00eda Peralta as the new director of the Dra. Evangelina Rodr\u00edguez Maternal Hospital, known as the Women&#8217;s Hospital, during a ceremony held at the institution&#8217;s headquarters. n&#8221; &#8220;n The director of the SNS valued Dr. Garc\u00eda [&hellip;]<\/p>\n","protected":false},"author":133543,"featured_media":0,"comment_status":"open","ping_status":"open","sticky":false,"template":"","format":"standard","meta":{"_acf_changed":false,"_jetpack_newsletter_access":"","_jetpack_dont_email_post_to_subs":false,"_jetpack_newsletter_tier_id":0,"_jetpack_memberships_contains_paywalled_content":false,"_jetpack_memberships_contains_paid_content":false,"footnotes":"","_members_access_role":[],"_members_access_error":""},"categories":[1],"tags":[],"class_list":["post-512299","post","type-post","status-publish","format-standard","category-uncategorized"],"acf":[],"jetpack_sharing_enabled":true,"jetpack_shortlink":"https:\/\/wp.me\/phj1q1-29gT","jetpack_featured_media_url":"","dum_api":{"author_name":"Carolina \u00c1lvarez","author_image":"https:\/\/deultimominuto.com\/wp-content\/uploads\/2026\/05\/cropped-WhatsApp-Image-2026-05-26-at-5.31.57-PM-96x96.jpeg","categories_name":["Uncategorized"],"featured_media_url":null},"_links":{"self":[{"href":"https:\/\/deultimominuto.com\/en\/wp-json\/wp\/v2\/posts\/512299","targetHints":{"allow":["GET"]}}],"collection":[{"href":"https:\/\/deultimominuto.com\/en\/wp-json\/wp\/v2\/posts"}],"about":[{"href":"https:\/\/deultimominuto.com\/en\/wp-json\/wp\/v2\/types\/post"}],"author":[{"embeddable":true,"href":"https:\/\/deultimominuto.com\/en\/wp-json\/wp\/v2\/users\/133543"}],"replies":[{"embeddable":true,"href":"https:\/\/deultimominuto.com\/en\/wp-json\/wp\/v2\/comments?post=512299"}],"version-history":[{"count":0,"href":"https:\/\/deultimominuto.com\/en\/wp-json\/wp\/v2\/posts\/512299\/revisions"}],"wp:attachment":[{"href":"https:\/\/deultimominuto.com\/en\/wp-json\/wp\/v2\/media?parent=512299"}],"wp:term":[{"taxonomy":"category","embeddable":true,"href":"https:\/\/deultimominuto.com\/en\/wp-json\/wp\/v2\/categories?post=512299"},{"taxonomy":"post_tag","embeddable":true,"href":"https:\/\/deultimominuto.com\/en\/wp-json\/wp\/v2\/tags?post=512299"}],"curies":[{"name":"wp","href":"https:\/\/api.w.org\/{rel}","templated":true}]}}