{"id":512768,"date":"2026-06-30T16:34:57","date_gmt":"2026-06-30T20:34:57","guid":{"rendered":"https:\/\/deultimominuto.net\/en\/uncategorized\/fedotri-confirms-participation-in-the-2026-samana-municipal-games\/"},"modified":"2026-06-30T16:34:57","modified_gmt":"2026-06-30T20:34:57","slug":"fedotri-confirms-participation-in-the-2026-samana-municipal-games","status":"publish","type":"post","link":"https:\/\/deultimominuto.com\/en\/sports\/fedotri-confirms-participation-in-the-2026-samana-municipal-games\/","title":{"rendered":"&#8220;Fedotri confirms participation in the 2026 Saman\u00e1 Municipal Games&#8221;"},"content":{"rendered":"&#8220;n<h1 class=\"wp-block-heading\"><\/h1>n&#8221;\n\n&#8220;n<p class=\"wp-block-paragraph\"><strong>SAMAN\u00c1, DR.<\/strong> The Dominican Triathlon Federation (Fedotri) officially presented the work team that will be in charge of organizing the triathlon competitions at the 2026 Saman\u00e1 Municipal Games, which will be held from <strong>August 20 to 23<\/strong> as part of the province&#8217;s Cultural Week.<\/p>n&#8221;\n\n&#8220;n<p class=\"wp-block-paragraph\"><strong>You might be interested in:<a href=\"https:\/\/deultimominuto.com\/deportes\/futbol\/pau-gasol-invertira-55-millones-de-euros-para-impulsar-el-crecimiento-de-la-liga-f\/\"> <\/a><\/strong><a href=\"https:\/\/deultimominuto.com\/deportes\/futbol\/pau-gasol-invertira-55-millones-de-euros-para-impulsar-el-crecimiento-de-la-liga-f\/\">Pau Gasol will invest 55 million euros to boost the growth of Liga F<\/a><\/p>n&#8221;\n\n&#8220;n<p class=\"wp-block-paragraph\">The presentation was carried out in coordination with the Sports Union of Associations of Santa B\u00e1rbara de Saman\u00e1 and was led by its president, <strong>Dr. H\u00e9ctor Mota Pacheco<\/strong>, who highlighted the importance of the event as a platform to strengthen sports and encourage the participation of the youth of Saman\u00e1.<\/p>n&#8221;\n\n&#8220;n<p class=\"wp-block-paragraph\">On behalf of Fedotri, <strong>Juan Francisco Eusebio (Pacheco)<\/strong> provided the technical details of the triathlon competition and reaffirmed the entity&#8217;s commitment to the development of this discipline and the support for the Saman\u00e1 2026 Municipal Games.<\/p>n&#8221;\n\n&#8220;n<p class=\"wp-block-paragraph\">During the meeting, the organizing team was also presented, composed of leaders from different associations affiliated with Fedotri. Among them are <strong>Santa Helena Espinal<\/strong>, president of the Montecristi Triathlon Association; <strong>Johnny Aponte<\/strong>, from La Altagracia; <strong>V\u00edctor Lener Mercedes<\/strong>, from La Romana; and <strong>Francisco Alberto P\u00e9rez<\/strong>, head of Events for Fedotri.<\/p>n&#8221;\n\n&#8220;n<p class=\"wp-block-paragraph\">Likewise, representatives from various sports associations in Saman\u00e1 participated, including <strong>Crucito Bueno<\/strong> (karate), <strong>Mois\u00e9s Mota Ure\u00f1a<\/strong> (taekwondo), <strong>Jorgito Esquea<\/strong> (basketball), <strong>Ovaldo Kelly Barett<\/strong> (athletics), and <strong>Arist\u00f3teles Newman Marchena<\/strong>, president of the Saman\u00e1 Triathlon Association and treasurer of Fedotri.<\/p>n&#8221;\n\n&#8220;n<p class=\"wp-block-paragraph\">At the close of the activity, the Sports Union of Associations of Saman\u00e1 and the Dominican Triathlon Federation ratified their commitment to work together to ensure the success of the 2026 Saman\u00e1 Municipal Games and continue promoting sports development in the province and its municipalities.<\/p>n&#8221;\n\n&#8220;n<p class=\"wp-block-paragraph\"><\/p>n&#8221;","protected":false},"excerpt":{"rendered":"<p>&#8220;n n&#8221; &#8220;n SAMAN\u00c1, DR. The Dominican Triathlon Federation (Fedotri) officially presented the work team that will be in charge of organizing the triathlon competitions at the 2026 Saman\u00e1 Municipal Games, which will be held from August 20 to 23 as part of the province&#8217;s Cultural Week. n&#8221; &#8220;n You might be interested in: Pau [&hellip;]<\/p>\n","protected":false},"author":4,"featured_media":512769,"comment_status":"open","ping_status":"open","sticky":false,"template":"","format":"standard","meta":{"_acf_changed":false,"_jetpack_newsletter_access":"","_jetpack_dont_email_post_to_subs":false,"_jetpack_newsletter_tier_id":0,"_jetpack_memberships_contains_paywalled_content":false,"_jetpack_memberships_contains_paid_content":false,"footnotes":"","_members_access_role":[],"_members_access_error":""},"categories":[6],"tags":[43601,40231,43735],"class_list":["post-512768","post","type-post","status-publish","format-standard","has-post-thumbnail","category-sports","tag-breakingnews","tag-dominican-republic","tag-thenewspaperoftruth"],"acf":[],"jetpack_sharing_enabled":true,"jetpack_shortlink":"https:\/\/wp.me\/phj1q1-29os","jetpack_featured_media_url":"https:\/\/deultimominuto.com\/en\/wp-content\/uploads\/sites\/2\/2026\/06\/IMG-20260630-WA0115.jpg","dum_api":{"author_name":"Redacci\u00f3n De \u00daltimo Minuto","author_image":"https:\/\/deultimominuto.com\/wp-content\/uploads\/2025\/02\/cropped-logo-de-ultimo-minuto-96x96.png","categories_name":["Sports"],"featured_media_url":"https:\/\/cdn.deultimominuto.com\/en\/wp-content\/uploads\/sites\/2\/2026\/06\/IMG-20260630-WA0115.jpg"},"_links":{"self":[{"href":"https:\/\/deultimominuto.com\/en\/wp-json\/wp\/v2\/posts\/512768","targetHints":{"allow":["GET"]}}],"collection":[{"href":"https:\/\/deultimominuto.com\/en\/wp-json\/wp\/v2\/posts"}],"about":[{"href":"https:\/\/deultimominuto.com\/en\/wp-json\/wp\/v2\/types\/post"}],"author":[{"embeddable":true,"href":"https:\/\/deultimominuto.com\/en\/wp-json\/wp\/v2\/users\/4"}],"replies":[{"embeddable":true,"href":"https:\/\/deultimominuto.com\/en\/wp-json\/wp\/v2\/comments?post=512768"}],"version-history":[{"count":0,"href":"https:\/\/deultimominuto.com\/en\/wp-json\/wp\/v2\/posts\/512768\/revisions"}],"wp:featuredmedia":[{"embeddable":true,"href":"https:\/\/deultimominuto.com\/en\/wp-json\/wp\/v2\/media\/512769"}],"wp:attachment":[{"href":"https:\/\/deultimominuto.com\/en\/wp-json\/wp\/v2\/media?parent=512768"}],"wp:term":[{"taxonomy":"category","embeddable":true,"href":"https:\/\/deultimominuto.com\/en\/wp-json\/wp\/v2\/categories?post=512768"},{"taxonomy":"post_tag","embeddable":true,"href":"https:\/\/deultimominuto.com\/en\/wp-json\/wp\/v2\/tags?post=512768"}],"curies":[{"name":"wp","href":"https:\/\/api.w.org\/{rel}","templated":true}]}}