{"id":512806,"date":"2026-06-30T20:12:23","date_gmt":"2026-07-01T00:12:23","guid":{"rendered":"https:\/\/deultimominuto.net\/en\/uncategorized\/court-imposes-30-year-prison-sentence-on-those-responsible-for-the-death-of-gioser-luis-feliz\/"},"modified":"2026-06-30T20:15:24","modified_gmt":"2026-07-01T00:15:24","slug":"court-imposes-30-year-prison-sentence-on-those-responsible-for-the-death-of-gioser-luis-feliz","status":"publish","type":"post","link":"https:\/\/deultimominuto.com\/en\/uncategorized\/court-imposes-30-year-prison-sentence-on-those-responsible-for-the-death-of-gioser-luis-feliz\/","title":{"rendered":"&#8220;Court imposes 30-year prison sentence on those responsible for the death of Gioser Luis Feliz&#8221;"},"content":{"rendered":"&#8220;n<p class=\"wp-block-paragraph\"><strong>Santiago.- .<\/strong> The First Collegiate Court of the Judicial District of Santiago sentenced six men this Tuesday who were found guilty of the death of the child Gioser Luis Feliz Camilo, who died during an attempted robbery while traveling with his family along the Santiago North Beltway.<\/p>n&#8221;\n\n&#8220;n<p class=\"wp-block-paragraph\">The main defendant, <strong>Luis \u00c1ngel Vargas Brito<\/strong>, was sentenced to <strong>30 years in prison<\/strong>, the maximum penalty, after being found guilty of criminal association, murder, attempted aggravated robbery, and attempted murder. He must serve the sentence at the Rafey-Hombres Correction and Rehabilitation Center (CCR).<\/p>n&#8221;\n\n&#8220;n<p class=\"wp-block-paragraph\">Likewise, <strong>Derlin Javier Mercado Mart\u00ednez, Tom\u00e1s Pe\u00f1a Moreno, C\u00e9sar Junior Ulloa Cuevas and Eli\u00e1n Mart\u00ednez S\u00e1nchez<\/strong> received sentences of <strong>20 years of major imprisonment<\/strong> after being found guilty as co-authors of the acts.<\/p>n&#8221;\n\n&#8220;n<p class=\"wp-block-paragraph\">Meanwhile, <strong>Jos\u00e9 Manuel Almonte Santana<\/strong> was sentenced to <strong>15 years in prison<\/strong> for his involvement in the case.<\/p>n&#8221;\n\n&#8220;n<p class=\"wp-block-paragraph\">In the civil sphere, the court upheld the lawsuit filed by <strong>Anibelca de los \u00c1ngeles Camilo Marte<\/strong>, mother of the deceased minor, and jointly ordered the six defendants to pay <strong>RD$10 million<\/strong> as compensation for the damages caused.<\/p>n&#8221;\n\n&#8220;n<p class=\"wp-block-paragraph\">Furthermore, it declared the civil party constitution presented by <strong>Sergio Luis Feliz Mancebo<\/strong> and <strong>Mar\u00eda Elida Batista Rivas<\/strong> to be good and valid, establishing in their favor a symbolic compensation of one <a href=\"https:\/\/www.youtube.com\/@deultimominutotv\/videos\" data-type=\"link\" data-id=\"https:\/\/www.youtube.com\/@deultimominutotv\/videos\" target=\"_blank\" rel=\"noopener\">peso<\/a>.<\/p>n&#8221;\n\n&#8220;n<h3 class=\"wp-block-heading\">You can also read: <a href=\"https:\/\/deultimominuto.com\/nacionales\/cierrecasomuerteninosantiago\/\" data-type=\"link\" data-id=\"https:\/\/deultimominuto.com\/nacionales\/cierrecasomuerteninosantiago\/\">June 5th could mark the closing of the trial for the death of the child Gioser F\u00e9liz in Santiago<\/a><\/h3>n&#8221;\n\n&#8220;n<p class=\"wp-block-paragraph\">At the conclusion of the hearing, Gioser Luis Feliz&#8217;s parents expressed their agreement with the court&#8217;s decision and stated that they believe justice was served for their son&#8217;s death.<\/p>n&#8221;\n\n&#8220;n<p class=\"wp-block-paragraph\">&#8220;We are satisfied with the judges&#8217; ruling. If they decide to appeal, we will be here to face it,&#8221; stated the lawyer representing the family.<\/p>n&#8221;\n\n&#8220;n<p class=\"wp-block-paragraph\">The jurist explained that they will wait for the full reading of the sentence and that, in the event that the defense files an appeal, they will continue to participate in the process until the decision becomes final.<\/p>n&#8221;","protected":false},"excerpt":{"rendered":"<p>&#8220;n Santiago.- . The First Collegiate Court of the Judicial District of Santiago sentenced six men this Tuesday who were found guilty of the death of the child Gioser Luis Feliz Camilo, who died during an attempted robbery while traveling with his family along the Santiago North Beltway. n&#8221; &#8220;n The main defendant, Luis \u00c1ngel [&hellip;]<\/p>\n","protected":false},"author":133543,"featured_media":0,"comment_status":"open","ping_status":"open","sticky":false,"template":"","format":"standard","meta":{"_acf_changed":false,"_jetpack_newsletter_access":"","_jetpack_dont_email_post_to_subs":false,"_jetpack_newsletter_tier_id":0,"_jetpack_memberships_contains_paywalled_content":false,"_jetpack_memberships_contains_paid_content":false,"footnotes":"","_members_access_role":[],"_members_access_error":""},"categories":[1],"tags":[],"class_list":["post-512806","post","type-post","status-publish","format-standard","category-uncategorized"],"acf":[],"jetpack_sharing_enabled":true,"jetpack_shortlink":"https:\/\/wp.me\/phj1q1-29p4","jetpack_featured_media_url":"","dum_api":{"author_name":"Carolina \u00c1lvarez","author_image":"https:\/\/deultimominuto.com\/wp-content\/uploads\/2026\/05\/cropped-WhatsApp-Image-2026-05-26-at-5.31.57-PM-96x96.jpeg","categories_name":["Uncategorized"],"featured_media_url":null},"_links":{"self":[{"href":"https:\/\/deultimominuto.com\/en\/wp-json\/wp\/v2\/posts\/512806","targetHints":{"allow":["GET"]}}],"collection":[{"href":"https:\/\/deultimominuto.com\/en\/wp-json\/wp\/v2\/posts"}],"about":[{"href":"https:\/\/deultimominuto.com\/en\/wp-json\/wp\/v2\/types\/post"}],"author":[{"embeddable":true,"href":"https:\/\/deultimominuto.com\/en\/wp-json\/wp\/v2\/users\/133543"}],"replies":[{"embeddable":true,"href":"https:\/\/deultimominuto.com\/en\/wp-json\/wp\/v2\/comments?post=512806"}],"version-history":[{"count":0,"href":"https:\/\/deultimominuto.com\/en\/wp-json\/wp\/v2\/posts\/512806\/revisions"}],"wp:attachment":[{"href":"https:\/\/deultimominuto.com\/en\/wp-json\/wp\/v2\/media?parent=512806"}],"wp:term":[{"taxonomy":"category","embeddable":true,"href":"https:\/\/deultimominuto.com\/en\/wp-json\/wp\/v2\/categories?post=512806"},{"taxonomy":"post_tag","embeddable":true,"href":"https:\/\/deultimominuto.com\/en\/wp-json\/wp\/v2\/tags?post=512806"}],"curies":[{"name":"wp","href":"https:\/\/api.w.org\/{rel}","templated":true}]}}