{"id":513105,"date":"2026-07-02T22:33:56","date_gmt":"2026-07-03T02:33:56","guid":{"rendered":"https:\/\/deultimominuto.net\/en\/uncategorized\/santiago-matias-attends-with-his-family-an-exclusive-celebration-of-the-250th-anniversary-of-the-u-s-independence\/"},"modified":"2026-07-02T22:35:24","modified_gmt":"2026-07-03T02:35:24","slug":"santiago-matias-attends-with-his-family-an-exclusive-celebration-of-the-250th-anniversary-of-the-u-s-independence","status":"publish","type":"post","link":"https:\/\/deultimominuto.com\/en\/uncategorized\/santiago-matias-attends-with-his-family-an-exclusive-celebration-of-the-250th-anniversary-of-the-u-s-independence\/","title":{"rendered":"Santiago Mat\u00edas attends with his family an exclusive celebration of the 250th anniversary of the U.S. independence."},"content":{"rendered":"\n<p class=\"wp-block-paragraph\"><strong>Santo Domingo<\/strong>.- The businessman and CEO of Alofoke Media Group, Santiago Mat\u00edas, arrived this Thursday at the residence of the United States ambassador to the Dominican Republic, where the commemorative gala for the 250th anniversary of the independence of the United States was held, one of the most relevant diplomatic events of the year.<\/p>\n\n\n\n<p class=\"wp-block-paragraph\">Mat\u00edas arrived accompanied by his wife, Charylie Alvarado, his son Prince Mat\u00edas, and Alofoke Media executive Melvin de Le\u00f3n, as part of the special guests at the official reception hosted by Ambassador Leah Francis Campos.<\/p>\n\n\n\n<p class=\"wp-block-paragraph\">The businessman&#8217;s presence responds to the impact he has had as one of the most influential figures in the media and digital platform industry in the Dominican Republic and the region, standing out as a benchmark for the digital industry in Latin America.<\/p>\n\n\n\n<p class=\"wp-block-paragraph\">The presence of businessman Santiago Mat\u00edas at the event also responds to the close ties and relationship he maintains with the United States Ambassador to the country, Leah Francis Campos, whom he had the opportunity to interview for the first time after her appointment as head of the diplomatic mission. This approach has been interpreted as a sign of the dialogue that the embassy has maintained with different communication sectors, and especially with Mat\u00edas as a benchmark for digital platforms in the Dominican Republic.<\/p>\n\n\n\n<h6 class=\"wp-block-heading\"><strong>You can also read: <a href=\"https:\/\/deultimominuto.com\/nacionales\/alfonso-responde-a-santiago\/\" data-type=\"link\" data-id=\"https:\/\/deultimominuto.com\/nacionales\/alfonso-responde-a-santiago\/\">Alfonso Rodr\u00edguez responds to Santiago Mat\u00edas: \u201cHe hasn&#8217;t even joined the PRSC yet and he already wants to expel people\u201d<\/a><\/strong><\/h6>\n\n\n\n<p class=\"wp-block-paragraph\">The event brought together prominent figures of national public life, including the President of the Republic, Luis Abinader, and his wife, the First Lady of the Republic, Raquel Arbaje, as well as former presidents and high-ranking officials of the Dominican government, in addition to representatives of the diplomatic corps, the business sector, and <a href=\"https:\/\/www.youtube.com\/@deultimominutotv\/featured\" data-type=\"link\" data-id=\"https:\/\/www.youtube.com\/@deultimominutotv\/featured\" target=\"_blank\" rel=\"noopener\">civil <\/a>society.<\/p>\n\n\n\n<p class=\"wp-block-paragraph\">The commemorative gala was part of the activities for the 250th anniversary of American independence, held under the theme \u201cFreedom 250,\u201d and served as a stage to highlight the shared values between the United States and the Dominican Republic, as well as the cooperation between both nations.<\/p>\n","protected":false},"excerpt":{"rendered":"<p>Santo Domingo.- The businessman and CEO of Alofoke Media Group, Santiago Mat\u00edas, arrived this Thursday at the residence of the United States ambassador to the Dominican Republic, where the commemorative gala for the 250th anniversary of the independence of the United States was held, one of the most relevant diplomatic events of the year. Mat\u00edas [&hellip;]<\/p>\n","protected":false},"author":133543,"featured_media":514376,"comment_status":"open","ping_status":"open","sticky":false,"template":"","format":"standard","meta":{"_acf_changed":false,"_jetpack_newsletter_access":"","_jetpack_dont_email_post_to_subs":false,"_jetpack_newsletter_tier_id":0,"_jetpack_memberships_contains_paywalled_content":false,"_jetpack_memberships_contains_paid_content":false,"footnotes":"","_members_access_role":[],"_members_access_error":""},"categories":[1],"tags":[],"class_list":["post-513105","post","type-post","status-publish","format-standard","has-post-thumbnail","category-uncategorized"],"acf":[],"jetpack_sharing_enabled":true,"jetpack_shortlink":"https:\/\/wp.me\/phj1q1-29tT","jetpack_featured_media_url":"https:\/\/deultimominuto.com\/en\/wp-content\/uploads\/sites\/2\/2026\/07\/WhatsApp-Image-2026-07-02-at-10.13.09-PM.jpeg","dum_api":{"author_name":"Carolina \u00c1lvarez","author_image":"https:\/\/deultimominuto.com\/wp-content\/uploads\/2026\/05\/cropped-WhatsApp-Image-2026-05-26-at-5.31.57-PM-96x96.jpeg","categories_name":["Uncategorized"],"featured_media_url":"https:\/\/cdn.deultimominuto.com\/en\/wp-content\/uploads\/sites\/2\/2026\/07\/WhatsApp-Image-2026-07-02-at-10.13.09-PM.jpeg"},"_links":{"self":[{"href":"https:\/\/deultimominuto.com\/en\/wp-json\/wp\/v2\/posts\/513105","targetHints":{"allow":["GET"]}}],"collection":[{"href":"https:\/\/deultimominuto.com\/en\/wp-json\/wp\/v2\/posts"}],"about":[{"href":"https:\/\/deultimominuto.com\/en\/wp-json\/wp\/v2\/types\/post"}],"author":[{"embeddable":true,"href":"https:\/\/deultimominuto.com\/en\/wp-json\/wp\/v2\/users\/133543"}],"replies":[{"embeddable":true,"href":"https:\/\/deultimominuto.com\/en\/wp-json\/wp\/v2\/comments?post=513105"}],"version-history":[{"count":0,"href":"https:\/\/deultimominuto.com\/en\/wp-json\/wp\/v2\/posts\/513105\/revisions"}],"wp:featuredmedia":[{"embeddable":true,"href":"https:\/\/deultimominuto.com\/en\/wp-json\/wp\/v2\/media\/514376"}],"wp:attachment":[{"href":"https:\/\/deultimominuto.com\/en\/wp-json\/wp\/v2\/media?parent=513105"}],"wp:term":[{"taxonomy":"category","embeddable":true,"href":"https:\/\/deultimominuto.com\/en\/wp-json\/wp\/v2\/categories?post=513105"},{"taxonomy":"post_tag","embeddable":true,"href":"https:\/\/deultimominuto.com\/en\/wp-json\/wp\/v2\/tags?post=513105"}],"curies":[{"name":"wp","href":"https:\/\/api.w.org\/{rel}","templated":true}]}}