{"id":513119,"date":"2026-07-02T23:24:18","date_gmt":"2026-07-03T03:24:18","guid":{"rendered":"https:\/\/deultimominuto.net\/en\/uncategorized\/political-class-coincides-in-celebration-of-the-250th-anniversary-of-the-independence-of-the-united-states-in-the-dr\/"},"modified":"2026-07-02T23:24:18","modified_gmt":"2026-07-03T03:24:18","slug":"political-class-coincides-in-celebration-of-the-250th-anniversary-of-the-independence-of-the-united-states-in-the-dr","status":"publish","type":"post","link":"https:\/\/deultimominuto.com\/en\/uncategorized\/political-class-coincides-in-celebration-of-the-250th-anniversary-of-the-independence-of-the-united-states-in-the-dr\/","title":{"rendered":"Political class coincides in celebration of the 250th anniversary of the independence of the United States in the DR"},"content":{"rendered":"\n<p class=\"wp-block-paragraph\"><strong>Santo Domingo.-<\/strong> The Dominican political class participated jointly in the celebration of the 250th anniversary of the independence of the United States, held in the Dominican Republic, in an event that brought together the president, former presidents, presidential candidates, and high-ranking officials on the same diplomatic stage.<\/p>\n\n\n\n<p class=\"wp-block-paragraph\">The event was attended by the President of the Republic Luis Abinader, former presidents Hip\u00f3lito Mej\u00eda, Danilo Medina and Leonel Fern\u00e1ndez, as well as presidential candidates Gonzalo and Carolina Mej\u00eda.<\/p>\n\n\n\n<p class=\"wp-block-paragraph\">The meeting took place in an atmosphere of diplomacy and with a broad representation of national political leadership, where government authorities, opposition figures, and party leaders converged within the framework of the international commemoration held at the residence of the United States Ambassador, Leah Campos, in Dominican territory.<\/p>\n\n\n\n<p class=\"wp-block-paragraph\">President Luis Abinader attended the event accompanied by his wife and first lady Raquel Arbaje, leading the official representation of the Dominican Government in an activity that stood out for its institutional and protocolary nature.<\/p>\n\n\n\n<p class=\"wp-block-paragraph\">We recommend reading:<a href=\"https:\/\/deultimominuto.com\/nacionales\/gobierno-resalta-avances\/\">Government highlights progress in the restructuring of the Public Administration<\/a><\/p>\n\n\n\n<p class=\"wp-block-paragraph\">During the ceremony, former presidents Hip\u00f3lito Mej\u00eda and Danilo Medina shared the same space, greeting each other and interacting with various attendees, coinciding in an atmosphere of respect and political courtesy.<\/p>\n\n\n\n<p class=\"wp-block-paragraph\">Likewise, other political figures and party leaders participated, such as PLD leader Francisco Dom\u00ednguez Brito, along with the Minister of Industry, Commerce and MSMEs Ito Bison\u00f3, who also took part in the commemorative activity.<\/p>\n\n\n\n<figure class=\"wp-block-gallery has-nested-images columns-default is-cropped wp-block-gallery-1 is-layout-flex wp-block-gallery-is-layout-flex\">\n<figure class=\"wp-block-image size-large\"><img decoding=\"async\" data-id=\"683255\" src=\"https:\/\/deultimominuto.com\/wp-content\/uploads\/2026\/07\/WhatsApp-Image-2026-07-02-at-11.21.35-PM-2-1024x768.jpeg\" alt=\"\" class=\"wp-image-683255\" title=\"\"><\/figure>\n\n\n\n<figure class=\"wp-block-image size-large\"><img decoding=\"async\" data-id=\"683254\" src=\"https:\/\/deultimominuto.com\/wp-content\/uploads\/2026\/07\/WhatsApp-Image-2026-07-02-at-11.21.35-PM-1-768x1024.jpeg\" alt=\"\" class=\"wp-image-683254\" title=\"\"><\/figure>\n\n\n\n<figure class=\"wp-block-image size-large\"><img decoding=\"async\" data-id=\"683258\" src=\"https:\/\/deultimominuto.com\/wp-content\/uploads\/2026\/07\/WhatsApp-Image-2026-07-02-at-11.21.35-PM-1024x768.jpeg\" alt=\"\" class=\"wp-image-683258\" title=\"\"><\/figure>\n\n\n\n<figure class=\"wp-block-image size-large\"><img decoding=\"async\" data-id=\"683257\" src=\"https:\/\/deultimominuto.com\/wp-content\/uploads\/2026\/07\/WhatsApp-Image-2026-07-02-at-11.21.34-PM-2-1024x768.jpeg\" alt=\"\" class=\"wp-image-683257\" title=\"\"><\/figure>\n\n\n\n<figure class=\"wp-block-image size-large\"><img decoding=\"async\" data-id=\"683256\" src=\"https:\/\/deultimominuto.com\/wp-content\/uploads\/2026\/07\/WhatsApp-Image-2026-07-02-at-11.21.33-PM-3-1024x768.jpeg\" alt=\"\" class=\"wp-image-683256\" title=\"\"><\/figure>\n\n\n\n<figure class=\"wp-block-image size-large\"><img decoding=\"async\" data-id=\"683259\" src=\"https:\/\/deultimominuto.com\/wp-content\/uploads\/2026\/07\/WhatsApp-Image-2026-07-02-at-11.21.33-PM-2-1024x768.jpeg\" alt=\"\" class=\"wp-image-683259\" title=\"\"><\/figure>\n\n\n\n<figure class=\"wp-block-image size-large\"><img decoding=\"async\" data-id=\"683260\" src=\"https:\/\/deultimominuto.com\/wp-content\/uploads\/2026\/07\/WhatsApp-Image-2026-07-02-at-11.21.33-PM-1-768x1024.jpeg\" alt=\"\" class=\"wp-image-683260\" title=\"\"><\/figure>\n\n\n\n<figure class=\"wp-block-image size-large\"><img decoding=\"async\" data-id=\"683261\" src=\"https:\/\/deultimominuto.com\/wp-content\/uploads\/2026\/07\/WhatsApp-Image-2026-07-02-at-11.21.33-PM-1024x768.jpeg\" alt=\"\" class=\"wp-image-683261\" title=\"\"><\/figure>\n<\/figure>\n","protected":false},"excerpt":{"rendered":"<p>Santo Domingo.- The Dominican political class participated jointly in the celebration of the 250th anniversary of the independence of the United States, held in the Dominican Republic, in an event that brought together the president, former presidents, presidential candidates, and high-ranking officials on the same diplomatic stage. The event was attended by the President of [&hellip;]<\/p>\n","protected":false},"author":133556,"featured_media":514366,"comment_status":"open","ping_status":"open","sticky":false,"template":"","format":"standard","meta":{"_acf_changed":false,"_jetpack_newsletter_access":"","_jetpack_dont_email_post_to_subs":false,"_jetpack_newsletter_tier_id":0,"_jetpack_memberships_contains_paywalled_content":false,"_jetpack_memberships_contains_paid_content":false,"footnotes":"","_members_access_role":[],"_members_access_error":""},"categories":[1],"tags":[],"class_list":["post-513119","post","type-post","status-publish","format-standard","has-post-thumbnail","category-uncategorized"],"acf":[],"jetpack_sharing_enabled":true,"jetpack_shortlink":"https:\/\/wp.me\/phj1q1-29u7","jetpack_featured_media_url":"https:\/\/deultimominuto.com\/en\/wp-content\/uploads\/sites\/2\/2026\/07\/WhatsApp-Image-2026-07-02-at-11.21.34-PM.jpeg","dum_api":{"author_name":"Yerandi Santana","author_image":"https:\/\/deultimominuto.com\/wp-content\/uploads\/2026\/02\/cropped-WhatsApp-Image-2026-02-13-at-5.35.07-PM-96x96.jpeg","categories_name":["Uncategorized"],"featured_media_url":"https:\/\/cdn.deultimominuto.com\/en\/wp-content\/uploads\/sites\/2\/2026\/07\/WhatsApp-Image-2026-07-02-at-11.21.34-PM.jpeg"},"_links":{"self":[{"href":"https:\/\/deultimominuto.com\/en\/wp-json\/wp\/v2\/posts\/513119","targetHints":{"allow":["GET"]}}],"collection":[{"href":"https:\/\/deultimominuto.com\/en\/wp-json\/wp\/v2\/posts"}],"about":[{"href":"https:\/\/deultimominuto.com\/en\/wp-json\/wp\/v2\/types\/post"}],"author":[{"embeddable":true,"href":"https:\/\/deultimominuto.com\/en\/wp-json\/wp\/v2\/users\/133556"}],"replies":[{"embeddable":true,"href":"https:\/\/deultimominuto.com\/en\/wp-json\/wp\/v2\/comments?post=513119"}],"version-history":[{"count":0,"href":"https:\/\/deultimominuto.com\/en\/wp-json\/wp\/v2\/posts\/513119\/revisions"}],"wp:featuredmedia":[{"embeddable":true,"href":"https:\/\/deultimominuto.com\/en\/wp-json\/wp\/v2\/media\/514366"}],"wp:attachment":[{"href":"https:\/\/deultimominuto.com\/en\/wp-json\/wp\/v2\/media?parent=513119"}],"wp:term":[{"taxonomy":"category","embeddable":true,"href":"https:\/\/deultimominuto.com\/en\/wp-json\/wp\/v2\/categories?post=513119"},{"taxonomy":"post_tag","embeddable":true,"href":"https:\/\/deultimominuto.com\/en\/wp-json\/wp\/v2\/tags?post=513119"}],"curies":[{"name":"wp","href":"https:\/\/api.w.org\/{rel}","templated":true}]}}