{"id":513267,"date":"2026-07-03T22:06:13","date_gmt":"2026-07-04T02:06:13","guid":{"rendered":"https:\/\/deultimominuto.net\/en\/uncategorized\/dominican-judo-teams-hold-final-training-camp-in-brazil-ahead-of-santo-domingo-2026\/"},"modified":"2026-07-03T22:06:13","modified_gmt":"2026-07-04T02:06:13","slug":"dominican-judo-teams-hold-final-training-camp-in-brazil-ahead-of-santo-domingo-2026","status":"publish","type":"post","link":"https:\/\/deultimominuto.com\/en\/sports\/dominican-judo-teams-hold-final-training-camp-in-brazil-ahead-of-santo-domingo-2026\/","title":{"rendered":"Dominican judo teams hold final training camp in Brazil ahead of Santo Domingo 2026"},"content":{"rendered":"\n<h1 class=\"wp-block-heading\"><\/h1>\n\n\n\n<p class=\"wp-block-paragraph\"><strong>SANTO DOMINGO.<\/strong> The senior judo teams of the Dominican Republic traveled to Porto Alegre, Brazil, to complete the final stage of preparation for the <strong>XXV Central American and Caribbean Games Santo Domingo 2026<\/strong>, reported the Dominican Judo Federation (Fedojudo).<\/p>\n\n\n\n<p class=\"wp-block-paragraph\">The Dominican judokas have been training since June 30th at the SOGIPA Center facilities, where they will remain until July 20th, refining their technical and physical aspects before the regional event.<\/p>\n\n\n\n<p class=\"wp-block-paragraph\">The president of Fedojudo, <strong>Gilberto Garc\u00eda<\/strong>, explained that this training camp represents the final phase of the preparation process.<\/p>\n\n\n\n<blockquote class=\"wp-block-quote is-layout-flow wp-block-quote-is-layout-flow\">\n<p class=\"wp-block-paragraph\">\u201cThis is the final stage of preparation. Upon their return, the athletes will enter the Central American and Caribbean Village,\u201d stated Garc\u00eda.<\/p>\n<\/blockquote>\n\n\n\n<p class=\"wp-block-paragraph\">The leader highlighted that the camp has been made possible thanks to the support of the Dominican Government, led by President <strong>Luis Abinader<\/strong>, through the Ministry of Sports, directed by <strong>Kelvin Cruz<\/strong>.<\/p>\n\n\n\n<p class=\"wp-block-paragraph\">For his part, the federation&#8217;s technical director, <strong>Wilkin Ogando<\/strong>, indicated that the national teams will work under the supervision of a highly qualified technical staff with the goal of arriving at the competition in optimal condition.<\/p>\n\n\n\n<p class=\"wp-block-paragraph\">The women&#8217;s team is made up of <strong>Moira Morillo (+78 kg), Ana Rosa (-57 kg), Eiraima Silvestre (-78 kg), Estefan\u00eda Soriano (-48 kg), Esmeralda Damiano (-70 kg), Creymarlin Valdez (-63 kg)<\/strong> and <strong>Samantha Josefa (-52 kg)<\/strong>.<\/p>\n\n\n\n<p class=\"wp-block-paragraph\">The men&#8217;s division includes <strong>Robert Florentino (-90 kg), Jos\u00e9 Nova (+100 kg), Medickson del Orbe (-81 kg), Oscar Javier Santana (-100 kg), Diego Garc\u00eda (-60 kg), Heriberto de Aza (-66 kg), Elmert Ram\u00edrez (-66 kg)<\/strong> and <strong>Maikor Loui (-73 kg)<\/strong>.<\/p>\n\n\n\n<p class=\"wp-block-paragraph\">The delegation is also composed of coaches <strong>Juan Carlos Jacinto<\/strong> and <strong>Wander Mateo<\/strong>, as well as physiotherapist <strong>Dalver de los Santos<\/strong>.<\/p>\n\n\n\n<p class=\"wp-block-paragraph\">The <strong>XXV Central American and Caribbean Games Santo Domingo 2026<\/strong> will be held from <strong>July 24 to August 8<\/strong>, bringing together the best athletes in the region in the Dominican capital.<\/p>\n","protected":false},"excerpt":{"rendered":"<p>SANTO DOMINGO. The senior judo teams of the Dominican Republic traveled to Porto Alegre, Brazil, to complete the final stage of preparation for the XXV Central American and Caribbean Games Santo Domingo 2026, reported the Dominican Judo Federation (Fedojudo). The Dominican judokas have been training since June 30th at the SOGIPA Center facilities, where they [&hellip;]<\/p>\n","protected":false},"author":4,"featured_media":513268,"comment_status":"open","ping_status":"open","sticky":false,"template":"","format":"standard","meta":{"_acf_changed":false,"_jetpack_newsletter_access":"","_jetpack_dont_email_post_to_subs":false,"_jetpack_newsletter_tier_id":0,"_jetpack_memberships_contains_paywalled_content":false,"_jetpack_memberships_contains_paid_content":false,"footnotes":"","_members_access_role":[],"_members_access_error":""},"categories":[6],"tags":[43601,41693,40231,40853],"class_list":["post-513267","post","type-post","status-publish","format-standard","has-post-thumbnail","category-sports","tag-breakingnews","tag-central-american-games","tag-dominican-republic","tag-thetruthnewspaper"],"acf":[],"jetpack_sharing_enabled":true,"jetpack_shortlink":"https:\/\/wp.me\/phj1q1-29wv","jetpack_featured_media_url":"https:\/\/deultimominuto.com\/en\/wp-content\/uploads\/sites\/2\/2026\/07\/Seleccion-dominicana-de-judo.jpeg","dum_api":{"author_name":"Redacci\u00f3n De \u00daltimo Minuto","author_image":"https:\/\/deultimominuto.com\/wp-content\/uploads\/2025\/02\/cropped-logo-de-ultimo-minuto-96x96.png","categories_name":["Sports"],"featured_media_url":"https:\/\/cdn.deultimominuto.com\/en\/wp-content\/uploads\/sites\/2\/2026\/07\/Seleccion-dominicana-de-judo.jpeg"},"_links":{"self":[{"href":"https:\/\/deultimominuto.com\/en\/wp-json\/wp\/v2\/posts\/513267","targetHints":{"allow":["GET"]}}],"collection":[{"href":"https:\/\/deultimominuto.com\/en\/wp-json\/wp\/v2\/posts"}],"about":[{"href":"https:\/\/deultimominuto.com\/en\/wp-json\/wp\/v2\/types\/post"}],"author":[{"embeddable":true,"href":"https:\/\/deultimominuto.com\/en\/wp-json\/wp\/v2\/users\/4"}],"replies":[{"embeddable":true,"href":"https:\/\/deultimominuto.com\/en\/wp-json\/wp\/v2\/comments?post=513267"}],"version-history":[{"count":0,"href":"https:\/\/deultimominuto.com\/en\/wp-json\/wp\/v2\/posts\/513267\/revisions"}],"wp:featuredmedia":[{"embeddable":true,"href":"https:\/\/deultimominuto.com\/en\/wp-json\/wp\/v2\/media\/513268"}],"wp:attachment":[{"href":"https:\/\/deultimominuto.com\/en\/wp-json\/wp\/v2\/media?parent=513267"}],"wp:term":[{"taxonomy":"category","embeddable":true,"href":"https:\/\/deultimominuto.com\/en\/wp-json\/wp\/v2\/categories?post=513267"},{"taxonomy":"post_tag","embeddable":true,"href":"https:\/\/deultimominuto.com\/en\/wp-json\/wp\/v2\/tags?post=513267"}],"curies":[{"name":"wp","href":"https:\/\/api.w.org\/{rel}","templated":true}]}}