{"id":513560,"date":"2026-07-07T16:45:10","date_gmt":"2026-07-07T20:45:10","guid":{"rendered":"https:\/\/deultimominuto.net\/en\/uncategorized\/dominican-consulate-in-ny-hosts-the-launch-of-por-amor-a-mi-for-love-of-myself-an-initiative-that-promotes-self-love\/"},"modified":"2026-07-07T16:45:10","modified_gmt":"2026-07-07T20:45:10","slug":"dominican-consulate-in-ny-hosts-the-launch-of-por-amor-a-mi-for-love-of-myself-an-initiative-that-promotes-self-love","status":"publish","type":"post","link":"https:\/\/deultimominuto.com\/en\/uncategorized\/dominican-consulate-in-ny-hosts-the-launch-of-por-amor-a-mi-for-love-of-myself-an-initiative-that-promotes-self-love\/","title":{"rendered":"Dominican Consulate in NY hosts the launch of \u201cPor Amor a M\u00ed\u201d (For Love of Myself), an initiative that promotes self-love"},"content":{"rendered":"\n<p class=\"wp-block-paragraph\"><strong>New York.-<\/strong> The \u201cPor Amor a M\u00ed\u201d (For Love of Me) project celebrated its official launch at the facilities of the Consulate General of the Dominican Republic in New York, marking the beginning of a community dedicated to promoting self-love as a foundation for transforming lives, relationships, brands, and businesses.<\/p>\n\n\n\n<p class=\"wp-block-paragraph\">Founded by Enmanuel Encarnaci\u00f3n and Steffi Fr\u00edas, the project emerges under the philosophy \u201cChoose myself to choose well,\u201d with the purpose of creating spaces for training, reflection, and experiences that promote personal and professional development from a more conscious perspective.<\/p>\n\n\n\n<p class=\"wp-block-paragraph\">The meeting had the institutional support of the Consulate General of the Dominican Republic in New York, represented by Vice Consul T\u00e1miris Garc\u00eda Marcano, who accompanied a day focused on emotional well-being, leadership, and the strengthening of the Dominican community abroad.<\/p>\n\n\n\n<p class=\"wp-block-paragraph\">There were also spaces for reflection, testimonies, and the lecture \u201cMy path to self-love,\u201d given by international speaker Lola Guti\u00e9rrez, whose participation invited attendees to reconnect with their history and embrace self-love as a transformative decision.<\/p>\n\n\n\n<p class=\"wp-block-paragraph\">We recommend reading:<\/p>\n\n\n\n<p class=\"wp-block-paragraph\">One of the most emotional moments was the presentation of awards to women whose careers reflect the values of Por Amor a M\u00ed. Mar\u00eda Trusa, Solange Vargas, Jenny Biez, Rosaly Mayerlin, Tiffany Rosario, Clara D\u00edaz, and Lola Guti\u00e9rrez were honored for their contributions to leadership, education, communication, service, and human development.<\/p>\n\n\n\n<p class=\"wp-block-paragraph\">The launch also highlighted the support of national and international allies. From Switzerland, businesswoman Evelyn Contreras, creator of Estilismo con Prop\u00f3sito, traveled to be part of the event. She was joined by the support of Dominican brands Bixer, Lemisol, and Genuinas by Melina, from the Dominican Republic; and companies established in the United States such as La Casita de Joshua and Mr. Careers, among other allies who made this first experience possible.<\/p>\n\n\n\n<p class=\"wp-block-paragraph\">This day marked the birth of a community committed to accompanying people in their personal and professional growth, promoting self-love as a tool for social transformation.<\/p>\n\n\n\n<p class=\"wp-block-paragraph\">With this launch, Por Amor a M\u00ed begins a new stage that includes future experiences, training programs, and strategic alliances aimed at strengthening a network of individuals, professionals, and organizations convinced that the most important changes begin when a person decides to choose themselves.<\/p>\n\n\n\n<p class=\"wp-block-paragraph\">The founders thanked the Consulate General of the Dominican Republic in New York, the authorities present, the sponsoring brands, international allies, media outlets, and special guests for supporting an initiative that aspires to become a benchmark for the Latino community inside and outside the United States.<\/p>\n\n\n\n<p class=\"wp-block-paragraph\">Por Amor a M\u00ed was born as a community that believes that when a person learns to love themselves, they also strengthen their relationships, their leadership, and their ability to generate a positive impact on society.<\/p>\n","protected":false},"excerpt":{"rendered":"<p>New York.- The \u201cPor Amor a M\u00ed\u201d (For Love of Me) project celebrated its official launch at the facilities of the Consulate General of the Dominican Republic in New York, marking the beginning of a community dedicated to promoting self-love as a foundation for transforming lives, relationships, brands, and businesses. Founded by Enmanuel Encarnaci\u00f3n and [&hellip;]<\/p>\n","protected":false},"author":133556,"featured_media":514014,"comment_status":"open","ping_status":"open","sticky":false,"template":"","format":"standard","meta":{"_acf_changed":false,"_jetpack_newsletter_access":"","_jetpack_dont_email_post_to_subs":false,"_jetpack_newsletter_tier_id":0,"_jetpack_memberships_contains_paywalled_content":false,"_jetpack_memberships_contains_paid_content":false,"footnotes":"","_members_access_role":[],"_members_access_error":""},"categories":[1],"tags":[],"class_list":["post-513560","post","type-post","status-publish","format-standard","has-post-thumbnail","category-uncategorized"],"acf":[],"jetpack_sharing_enabled":true,"jetpack_shortlink":"https:\/\/wp.me\/phj1q1-29Be","jetpack_featured_media_url":"https:\/\/deultimominuto.com\/en\/wp-content\/uploads\/sites\/2\/2026\/07\/WhatsApp-Image-2026-07-07-at-4.34.53-PM.jpeg","dum_api":{"author_name":"Yerandi Santana","author_image":"https:\/\/deultimominuto.com\/wp-content\/uploads\/2026\/02\/cropped-WhatsApp-Image-2026-02-13-at-5.35.07-PM-96x96.jpeg","categories_name":["Uncategorized"],"featured_media_url":"https:\/\/cdn.deultimominuto.com\/en\/wp-content\/uploads\/sites\/2\/2026\/07\/WhatsApp-Image-2026-07-07-at-4.34.53-PM.jpeg"},"_links":{"self":[{"href":"https:\/\/deultimominuto.com\/en\/wp-json\/wp\/v2\/posts\/513560","targetHints":{"allow":["GET"]}}],"collection":[{"href":"https:\/\/deultimominuto.com\/en\/wp-json\/wp\/v2\/posts"}],"about":[{"href":"https:\/\/deultimominuto.com\/en\/wp-json\/wp\/v2\/types\/post"}],"author":[{"embeddable":true,"href":"https:\/\/deultimominuto.com\/en\/wp-json\/wp\/v2\/users\/133556"}],"replies":[{"embeddable":true,"href":"https:\/\/deultimominuto.com\/en\/wp-json\/wp\/v2\/comments?post=513560"}],"version-history":[{"count":0,"href":"https:\/\/deultimominuto.com\/en\/wp-json\/wp\/v2\/posts\/513560\/revisions"}],"wp:featuredmedia":[{"embeddable":true,"href":"https:\/\/deultimominuto.com\/en\/wp-json\/wp\/v2\/media\/514014"}],"wp:attachment":[{"href":"https:\/\/deultimominuto.com\/en\/wp-json\/wp\/v2\/media?parent=513560"}],"wp:term":[{"taxonomy":"category","embeddable":true,"href":"https:\/\/deultimominuto.com\/en\/wp-json\/wp\/v2\/categories?post=513560"},{"taxonomy":"post_tag","embeddable":true,"href":"https:\/\/deultimominuto.com\/en\/wp-json\/wp\/v2\/tags?post=513560"}],"curies":[{"name":"wp","href":"https:\/\/api.w.org\/{rel}","templated":true}]}}