{"id":513769,"date":"2026-07-09T14:57:20","date_gmt":"2026-07-09T18:57:20","guid":{"rendered":"https:\/\/deultimominuto.net\/en\/uncategorized\/mayor-of-the-tireo-municipality-paul-pina-celebrates-with-a-cake-one-year-of-unfulfilled-promises\/"},"modified":"2026-07-09T14:57:20","modified_gmt":"2026-07-09T18:57:20","slug":"mayor-of-the-tireo-municipality-paul-pina-celebrates-with-a-cake-one-year-of-unfulfilled-promises","status":"publish","type":"post","link":"https:\/\/deultimominuto.com\/en\/uncategorized\/mayor-of-the-tireo-municipality-paul-pina-celebrates-with-a-cake-one-year-of-unfulfilled-promises\/","title":{"rendered":"Mayor of the Tireo municipality, Paul Pi\u00f1a, celebrates with a cake one year of unfulfilled promises"},"content":{"rendered":"\n<p class=\"wp-block-paragraph\"><strong>By Esmil de Jes\u00fas Hern\u00e1ndez Capell\u00e1n<\/strong><\/p>\n\n\n\n<p class=\"wp-block-paragraph\"><strong>Constanza, Tireo.<\/strong>\u2013 On Thursday morning, the mayor of the Tireo municipality, <strong>Paul Am\u00edn Pi\u00f1a B\u00e1ez<\/strong>, stated, along with his mayoral team, that he was commemorating a year of promises that, as he claimed, remain unfulfilled, despite having sparked hope among the residents.<\/p>\n\n\n\n<p class=\"wp-block-paragraph\">The municipal executive considered that this situation represents a setback for the municipality, pointing out that the promises made have remained only on paper, without the announced works being executed. Likewise, he expressed, ironically, his &#8220;gratitude&#8221; to the Minister of the Presidency, <strong>Jos\u00e9 Ignacio Paliza<\/strong>, for the promises that, he asserts, still remain unfulfilled.<\/p>\n\n\n\n<blockquote class=\"wp-block-quote is-layout-flow wp-block-quote-is-layout-flow\">\n<p class=\"wp-block-paragraph\">\u201cToday, unfortunately, we are not going to laugh, nor applaud, nor congratulate. With this cake, we celebrate the first anniversary of broken promises. I always had a good perception of Paliza. Beyond political differences, we were united by family ties of friendship between my father, Pl\u00e1cido Pi\u00f1a; Do\u00f1a Grace Nouel, widow of Paliza, and Don Juan Ignacio Paliza. That is why it hurts me even more to have to say publicly that the hope of our people has turned into disappointment,\u201d concluded Pi\u00f1a.<\/p>\n<\/blockquote>\n\n\n\n<p class=\"wp-block-paragraph\">He recalled that on <strong>July 9, 2025<\/strong>, the Minister of the Presidency, <strong>Jos\u00e9 Ignacio Paliza<\/strong>, announced, in the presence of the PRM president in the district, <strong>Marcia Batista<\/strong>; the citizen <strong>Mar\u00eda Reina F\u00e9lix<\/strong> and representatives of civil society, that progress would be made immediately on the execution of important works for the municipality.<\/p>\n\n\n\n<h4 class=\"wp-block-heading\">We recommend reading: <a href=\"https:\/\/deultimominuto.com\/nacionales\/alcalde-eduardo-kery-recibe-jimmy\/\">Mayor Eduardo Kery receives former Guatemalan president Jimmy Morales in his office<\/a><\/h4>\n\n\n\n<p class=\"wp-block-paragraph\">Among the announced projects were the completion of the <strong>Tireo Aqueduct<\/strong>, the <strong>Sports Multipurpose Center<\/strong>, the improvement of local roads, the execution of the contract already tendered by <strong>Yellow Construcci\u00f3n<\/strong> for the delivery of a compactor truck and a roller, as well as the acquisition of other essential equipment to strengthen municipal services.<\/p>\n","protected":false},"excerpt":{"rendered":"<p>By Esmil de Jes\u00fas Hern\u00e1ndez Capell\u00e1n Constanza, Tireo.\u2013 On Thursday morning, the mayor of the Tireo municipality, Paul Am\u00edn Pi\u00f1a B\u00e1ez, stated, along with his mayoral team, that he was commemorating a year of promises that, as he claimed, remain unfulfilled, despite having sparked hope among the residents. The municipal executive considered that this situation [&hellip;]<\/p>\n","protected":false},"author":133559,"featured_media":513811,"comment_status":"open","ping_status":"open","sticky":false,"template":"","format":"standard","meta":{"_acf_changed":false,"_jetpack_newsletter_access":"","_jetpack_dont_email_post_to_subs":false,"_jetpack_newsletter_tier_id":0,"_jetpack_memberships_contains_paywalled_content":false,"_jetpack_memberships_contains_paid_content":false,"footnotes":"","_members_access_role":[],"_members_access_error":""},"categories":[1],"tags":[],"class_list":["post-513769","post","type-post","status-publish","format-standard","has-post-thumbnail","category-uncategorized"],"acf":[],"jetpack_sharing_enabled":true,"jetpack_shortlink":"https:\/\/wp.me\/phj1q1-29EB","jetpack_featured_media_url":"https:\/\/deultimominuto.com\/en\/wp-content\/uploads\/sites\/2\/2026\/07\/WhatsApp-Image-2026-07-09-at-2.48.09-PM.jpeg","dum_api":{"author_name":"Preciosa Jimenez","author_image":"https:\/\/deultimominuto.com\/wp-content\/uploads\/2026\/05\/cropped-WhatsApp-Image-2026-05-26-at-5.31.56-PM-96x96.jpeg","categories_name":["Uncategorized"],"featured_media_url":"https:\/\/cdn.deultimominuto.com\/en\/wp-content\/uploads\/sites\/2\/2026\/07\/WhatsApp-Image-2026-07-09-at-2.48.09-PM.jpeg"},"_links":{"self":[{"href":"https:\/\/deultimominuto.com\/en\/wp-json\/wp\/v2\/posts\/513769","targetHints":{"allow":["GET"]}}],"collection":[{"href":"https:\/\/deultimominuto.com\/en\/wp-json\/wp\/v2\/posts"}],"about":[{"href":"https:\/\/deultimominuto.com\/en\/wp-json\/wp\/v2\/types\/post"}],"author":[{"embeddable":true,"href":"https:\/\/deultimominuto.com\/en\/wp-json\/wp\/v2\/users\/133559"}],"replies":[{"embeddable":true,"href":"https:\/\/deultimominuto.com\/en\/wp-json\/wp\/v2\/comments?post=513769"}],"version-history":[{"count":0,"href":"https:\/\/deultimominuto.com\/en\/wp-json\/wp\/v2\/posts\/513769\/revisions"}],"wp:featuredmedia":[{"embeddable":true,"href":"https:\/\/deultimominuto.com\/en\/wp-json\/wp\/v2\/media\/513811"}],"wp:attachment":[{"href":"https:\/\/deultimominuto.com\/en\/wp-json\/wp\/v2\/media?parent=513769"}],"wp:term":[{"taxonomy":"category","embeddable":true,"href":"https:\/\/deultimominuto.com\/en\/wp-json\/wp\/v2\/categories?post=513769"},{"taxonomy":"post_tag","embeddable":true,"href":"https:\/\/deultimominuto.com\/en\/wp-json\/wp\/v2\/tags?post=513769"}],"curies":[{"name":"wp","href":"https:\/\/api.w.org\/{rel}","templated":true}]}}