{"id":514716,"date":"2026-07-10T21:57:08","date_gmt":"2026-07-11T01:57:08","guid":{"rendered":"https:\/\/deultimominuto.net\/en\/uncategorized\/hipolito-mejia-and-carolina-bid-farewell-to-freddy-garcia-with-emotional-memories-of-dona-rosa\/"},"modified":"2026-07-10T21:57:08","modified_gmt":"2026-07-11T01:57:08","slug":"hipolito-mejia-and-carolina-bid-farewell-to-freddy-garcia-with-emotional-memories-of-dona-rosa","status":"publish","type":"post","link":"https:\/\/deultimominuto.com\/en\/uncategorized\/hipolito-mejia-and-carolina-bid-farewell-to-freddy-garcia-with-emotional-memories-of-dona-rosa\/","title":{"rendered":"Hip\u00f3lito Mej\u00eda and Carolina bid farewell to Freddy Garc\u00eda with emotional memories of Do\u00f1a Rosa"},"content":{"rendered":"\n<p class=\"wp-block-paragraph\"><strong>San Crist\u00f3bal.\u2013<\/strong> Former President <a href=\"https:\/\/deultimominuto.com\/\" data-type=\"page\" data-id=\"674892\">Hip\u00f3lito Mej\u00eda<\/a> and the Mayor of the National District, Carolina Mej\u00eda, attended the wake of educator Freddy Garc\u00eda this Friday, where they emotionally remembered Do\u00f1a Rosa G\u00f3mez de Mej\u00eda, highlighting the close friendship the teacher maintained with their family for decades.<\/p>\n\n\n\n<p class=\"wp-block-paragraph\">Visibly moved, Hip\u00f3lito Mej\u00eda lamented the passing of the renowned professor, who died of a heart attack, and stated that the news made him relive the pain he felt with the passing of his wife.<\/p>\n\n\n\n<p class=\"wp-block-paragraph\"><em>&#8220;I didn&#8217;t want to believe it. I found out half an hour ago, a terrible loss,&#8221;<\/em> expressed the former president. He added that Garc\u00eda was a figure very dear to his entire family and highlighted his dedication to education and the training of several generations of young people.<\/p>\n\n\n\n<p class=\"wp-block-paragraph\">For her part, Carolina Mej\u00eda could not hold back her tears in front of the master&#8217;s coffin, whom she described as a brother. She explained that the bond with Garc\u00eda was born many years before political activity, thanks to the friendship he cultivated with her parents.<\/p>\n\n\n\n<p class=\"wp-block-paragraph\">The mayor highlighted the work he performed for more than four decades at the Instituto Polit\u00e9cnico Loyola, as well as his commitment to education, youth, and people with limited resources.<\/p>\n\n\n\n<p class=\"wp-block-paragraph\">He also recalled that, after the passing of Do\u00f1a Rosa G\u00f3mez de Mej\u00eda, Freddy Garc\u00eda never stopped attending the masses held in her memory, a gesture that, as he said, demonstrates the human quality that characterized him.<\/p>\n\n\n\n<p class=\"wp-block-paragraph\">We recommend reading: <\/p>\n\n\n\n<p class=\"wp-block-paragraph\">The wake, held at La Esperanza funeral home in San Crist\u00f3bal, brought together family, friends, authorities, and leaders of the Modern Revolutionary Party (PRM), including provincial director Rafael Salazar.<\/p>\n\n\n\n<p class=\"wp-block-paragraph\">During the event, Salazar highlighted the educator&#8217;s career, whom he defined as a tireless defender of the social, cultural, and environmental causes of San Crist\u00f3bal. He recalled his participation in the protection of the Pomier Caves, his work at the Loyola Polytechnic Institute, and his commitment to various community initiatives.<\/p>\n\n\n\n<p class=\"wp-block-paragraph\">Dozens of people came to bid farewell to the teacher and left messages of gratitude and recognition in the book of condolences, highlighting his legacy as an educator, mentor, and servant of the community.<\/p>\n","protected":false},"excerpt":{"rendered":"<p>San Crist\u00f3bal.\u2013 Former President Hip\u00f3lito Mej\u00eda and the Mayor of the National District, Carolina Mej\u00eda, attended the wake of educator Freddy Garc\u00eda this Friday, where they emotionally remembered Do\u00f1a Rosa G\u00f3mez de Mej\u00eda, highlighting the close friendship the teacher maintained with their family for decades. Visibly moved, Hip\u00f3lito Mej\u00eda lamented the passing of the renowned [&hellip;]<\/p>\n","protected":false},"author":133559,"featured_media":514717,"comment_status":"open","ping_status":"open","sticky":false,"template":"","format":"standard","meta":{"_acf_changed":false,"_jetpack_newsletter_access":"","_jetpack_dont_email_post_to_subs":false,"_jetpack_newsletter_tier_id":0,"_jetpack_memberships_contains_paywalled_content":false,"_jetpack_memberships_contains_paid_content":false,"footnotes":"","_members_access_role":[],"_members_access_error":""},"categories":[1],"tags":[],"class_list":["post-514716","post","type-post","status-publish","format-standard","has-post-thumbnail","category-uncategorized"],"acf":[],"jetpack_sharing_enabled":true,"jetpack_shortlink":"https:\/\/wp.me\/phj1q1-29TS","jetpack_featured_media_url":"https:\/\/deultimominuto.com\/en\/wp-content\/uploads\/sites\/2\/2026\/07\/6a51703749e65-1.jpeg","dum_api":{"author_name":"Preciosa Jimenez","author_image":"https:\/\/deultimominuto.com\/wp-content\/uploads\/2026\/05\/cropped-WhatsApp-Image-2026-05-26-at-5.31.56-PM-96x96.jpeg","categories_name":["Uncategorized"],"featured_media_url":"https:\/\/cdn.deultimominuto.com\/en\/wp-content\/uploads\/sites\/2\/2026\/07\/6a51703749e65-1.jpeg"},"_links":{"self":[{"href":"https:\/\/deultimominuto.com\/en\/wp-json\/wp\/v2\/posts\/514716","targetHints":{"allow":["GET"]}}],"collection":[{"href":"https:\/\/deultimominuto.com\/en\/wp-json\/wp\/v2\/posts"}],"about":[{"href":"https:\/\/deultimominuto.com\/en\/wp-json\/wp\/v2\/types\/post"}],"author":[{"embeddable":true,"href":"https:\/\/deultimominuto.com\/en\/wp-json\/wp\/v2\/users\/133559"}],"replies":[{"embeddable":true,"href":"https:\/\/deultimominuto.com\/en\/wp-json\/wp\/v2\/comments?post=514716"}],"version-history":[{"count":0,"href":"https:\/\/deultimominuto.com\/en\/wp-json\/wp\/v2\/posts\/514716\/revisions"}],"wp:featuredmedia":[{"embeddable":true,"href":"https:\/\/deultimominuto.com\/en\/wp-json\/wp\/v2\/media\/514717"}],"wp:attachment":[{"href":"https:\/\/deultimominuto.com\/en\/wp-json\/wp\/v2\/media?parent=514716"}],"wp:term":[{"taxonomy":"category","embeddable":true,"href":"https:\/\/deultimominuto.com\/en\/wp-json\/wp\/v2\/categories?post=514716"},{"taxonomy":"post_tag","embeddable":true,"href":"https:\/\/deultimominuto.com\/en\/wp-json\/wp\/v2\/tags?post=514716"}],"curies":[{"name":"wp","href":"https:\/\/api.w.org\/{rel}","templated":true}]}}