{"id":514911,"date":"2026-07-12T09:17:07","date_gmt":"2026-07-12T13:17:07","guid":{"rendered":"https:\/\/deultimominuto.net\/en\/uncategorized\/mother-reports-alleged-sexual-abuse-against-her-13-year-old-daughter-and-demands-the-capture-of-stepfather-in-santiago\/"},"modified":"2026-07-12T09:17:07","modified_gmt":"2026-07-12T13:17:07","slug":"mother-reports-alleged-sexual-abuse-against-her-13-year-old-daughter-and-demands-the-capture-of-stepfather-in-santiago","status":"publish","type":"post","link":"https:\/\/deultimominuto.com\/en\/uncategorized\/mother-reports-alleged-sexual-abuse-against-her-13-year-old-daughter-and-demands-the-capture-of-stepfather-in-santiago\/","title":{"rendered":"Mother reports alleged sexual abuse against her 13-year-old daughter and demands the capture of stepfather in Santiago"},"content":{"rendered":"Error en la traducci\u00f3n: the JSON object must be str, bytes or bytearray, not NoneType\n\n\n<p class=\"wp-block-paragraph\">Mayelin Aguasvivas Santana, a resident of the La Yag\u00fcita de Pastor sector in this city, identified the accused as Juan Uribe Rodr\u00edguez, whom she stated was her romantic partner and with whom she lived in the family home.<\/p>\n\n\n\n<p class=\"wp-block-paragraph\">According to the account, she discovered the alleged assault after her youngest son revealed what was happening. She stated that she immediately took the teenager, whose identity is withheld for legal reasons, to receive medical attention and filed a report with the competent authorities to initiate the judicial process.<\/p>\n\n\nError en la traducci\u00f3n: the JSON object must be str, bytes or bytearray, not NoneType\n\n\n<p class=\"wp-block-paragraph\">By making the report through a video, the minor&#8217;s mother presented an arrest warrant that is pending against the alleged aggressor.<\/p>\n\n\n\n<p class=\"wp-block-paragraph\"><\/p>\n\n\n\n<p class=\"wp-block-paragraph\">The teenager&#8217;s mother expressed her indignation at the stance that she maintains some of the accused&#8217;s relatives hold, who allegedly know his whereabouts and tried to persuade her to drop the charges, citing the advanced age of the fugitive&#8217;s mother.<\/p>\n\n\n\n<p class=\"wp-block-paragraph\">In that sense, he called on police and judicial authorities to locate Uribe Rodr\u00edguez and apply the full weight of the law, while demanding legal consequences for the family members who are allegedly committing the crime of covering for him.<\/p>\n","protected":false},"excerpt":{"rendered":"<p>Error en la traducci\u00f3n: the JSON object must be str, bytes or bytearray, not NoneType Mayelin Aguasvivas Santana, a resident of the La Yag\u00fcita de Pastor sector in this city, identified the accused as Juan Uribe Rodr\u00edguez, whom she stated was her romantic partner and with whom she lived in the family home. According to [&hellip;]<\/p>\n","protected":false},"author":133559,"featured_media":514930,"comment_status":"open","ping_status":"open","sticky":false,"template":"","format":"standard","meta":{"_acf_changed":false,"_jetpack_newsletter_access":"","_jetpack_dont_email_post_to_subs":false,"_jetpack_newsletter_tier_id":0,"_jetpack_memberships_contains_paywalled_content":false,"_jetpack_memberships_contains_paid_content":false,"footnotes":"","_members_access_role":[],"_members_access_error":""},"categories":[1],"tags":[],"class_list":["post-514911","post","type-post","status-publish","format-standard","has-post-thumbnail","category-uncategorized"],"acf":[],"jetpack_sharing_enabled":true,"jetpack_shortlink":"https:\/\/wp.me\/phj1q1-29X1","jetpack_featured_media_url":"https:\/\/deultimominuto.com\/en\/wp-content\/uploads\/sites\/2\/2026\/07\/WhatsApp-Image-2026-07-12-at-9.03.01-AM.jpeg","dum_api":{"author_name":"Preciosa Jimenez","author_image":"https:\/\/deultimominuto.com\/wp-content\/uploads\/2026\/05\/cropped-WhatsApp-Image-2026-05-26-at-5.31.56-PM-96x96.jpeg","categories_name":["Uncategorized"],"featured_media_url":"https:\/\/cdn.deultimominuto.com\/en\/wp-content\/uploads\/sites\/2\/2026\/07\/WhatsApp-Image-2026-07-12-at-9.03.01-AM.jpeg"},"_links":{"self":[{"href":"https:\/\/deultimominuto.com\/en\/wp-json\/wp\/v2\/posts\/514911","targetHints":{"allow":["GET"]}}],"collection":[{"href":"https:\/\/deultimominuto.com\/en\/wp-json\/wp\/v2\/posts"}],"about":[{"href":"https:\/\/deultimominuto.com\/en\/wp-json\/wp\/v2\/types\/post"}],"author":[{"embeddable":true,"href":"https:\/\/deultimominuto.com\/en\/wp-json\/wp\/v2\/users\/133559"}],"replies":[{"embeddable":true,"href":"https:\/\/deultimominuto.com\/en\/wp-json\/wp\/v2\/comments?post=514911"}],"version-history":[{"count":0,"href":"https:\/\/deultimominuto.com\/en\/wp-json\/wp\/v2\/posts\/514911\/revisions"}],"wp:featuredmedia":[{"embeddable":true,"href":"https:\/\/deultimominuto.com\/en\/wp-json\/wp\/v2\/media\/514930"}],"wp:attachment":[{"href":"https:\/\/deultimominuto.com\/en\/wp-json\/wp\/v2\/media?parent=514911"}],"wp:term":[{"taxonomy":"category","embeddable":true,"href":"https:\/\/deultimominuto.com\/en\/wp-json\/wp\/v2\/categories?post=514911"},{"taxonomy":"post_tag","embeddable":true,"href":"https:\/\/deultimominuto.com\/en\/wp-json\/wp\/v2\/tags?post=514911"}],"curies":[{"name":"wp","href":"https:\/\/api.w.org\/{rel}","templated":true}]}}