{"id":516756,"date":"2026-07-21T22:38:27","date_gmt":"2026-07-22T02:38:27","guid":{"rendered":"https:\/\/deultimominuto.net\/en\/uncategorized\/casals-criticizes-blocking-of-koldo-case-data-following-meeting-between-yeni-berenice-and-grande-marlaska\/"},"modified":"2026-07-21T22:38:27","modified_gmt":"2026-07-22T02:38:27","slug":"casals-criticizes-blocking-of-koldo-case-data-following-meeting-between-yeni-berenice-and-grande-marlaska","status":"publish","type":"post","link":"https:\/\/deultimominuto.com\/en\/dominican-news\/casals-criticizes-blocking-of-koldo-case-data-following-meeting-between-yeni-berenice-and-grande-marlaska\/","title":{"rendered":"Casals criticizes blocking of Koldo case data following meeting between Yeni Berenice and Grande-Marlaska"},"content":{"rendered":"\n<p class=\"wp-block-paragraph\"><strong>Santo Domingo<\/strong>.- Communicator Pedro Manuel Casals harshly criticized the meeting held by the Attorney General of the Republic, Yeni Berenice Reynoso, with the Spanish Minister of the Interior, Fernando Grande-Marlaska, and denounced that the Dominican authorities refuse to provide key information regarding the ties of the former Prime Minister of Spain, Jos\u00e9 Luis Rodr\u00edguez Zapatero, with the Dominican Republic.<\/p>\n\n\n\n<blockquote class=\"wp-block-quote is-layout-flow wp-block-quote-is-layout-flow\">\n<p class=\"wp-block-paragraph\">&#8220;I would not want to think that the meeting that both ministers dealt with was to protect Bego\u00f1a, to protect Jos\u00e9 Bono, to protect V\u00edctor de Aldama, to protect Hidalgo, to protect the entire framework and the local partners here,&#8221; expressed Casals.<\/p>\n<\/blockquote>\n\n\n\n<p class=\"wp-block-paragraph\">During his participation in the program \u201cEsto No Es Radio\u201d, Casals displayed on screen a press publication titled: \u201c<strong>Dominican Republic refuses to provide information on Rodr\u00edguez Zapatero&#8217;s ties to the country<\/strong>\u201d.<\/p>\n\n\n\n<p class=\"wp-block-paragraph\">\u201cWhy do Luis Abinader and the Dominican authorities refuse to provide information on the biggest corruption case in Spain? Why?\u201d, Casals questioned live. He added that the request for information regarding bank accounts and operations of the case has already been blocked by local authorities.<\/p>\n\n\n\n<p class=\"wp-block-paragraph\">The communicator linked the refusal to provide the data to an alleged intention to \u201cprotect\u201d political figures and local partners involved in the scheme. He pointed directly to Bego\u00f1a G\u00f3mez, Jos\u00e9 Bono, V\u00edctor de Aldama, and Rodr\u00edguez Zapatero himself.<\/p>\n\n\n\n<h6 class=\"wp-block-heading\">You can also read: <a href=\"https:\/\/deultimominuto.com\/nacionales\/casals-sobre-visado-schengen\/\">Casals denounces &#8220;deception&#8221; to the president regarding Schengen visa<\/a><\/h6>\n\n\n\n<p class=\"wp-block-paragraph\">Casals also referred to the statements made by Spanish businessman V\u00edctor de Aldama, who on Iker Jim\u00e9nez&#8217;s program Horizonte claimed to be collaborating with the justice system and paid a 3.7 million euro fine to avoid prison. \u201c<strong>The mask is off<\/strong>,\u201d said Casals, quoting Aldama.<\/p>\n\n\n\n<p class=\"wp-block-paragraph\">The program also showed a social media story where V\u00edctor de Aldama himself appears next to Casals, whom he describes as \u201c<strong>a brother in values, with codes, with loyalty and truth<\/strong>\u201d.<\/p>\n\n\n\n<p class=\"wp-block-paragraph\">&#8220;And no one can silence that one,&#8221; he said categorically.<\/p>\n\n\n\n<p class=\"wp-block-paragraph\">The communicator insisted that the Attorney General&#8217;s Office must provide public explanations as to why the Dominican Republic is not cooperating with Spanish justice in a case involving high-ranking leaders of the <a href=\"https:\/\/www.youtube.com\/watch?v=JBKg1dN7YpM\" data-type=\"link\" data-id=\"https:\/\/www.youtube.com\/watch?v=JBKg1dN7YpM\" target=\"_blank\" rel=\"noopener\">PSOE<\/a> and businessmen with operations in the country.<\/p>\n\n\n\n<figure class=\"wp-block-embed is-type-video is-provider-youtube wp-block-embed-youtube wp-embed-aspect-16-9 wp-has-aspect-ratio\"><div class=\"wp-block-embed__wrapper\">\n<iframe loading=\"lazy\" title=\"CASALS ACORRALA A FARIDE RAFUL TRAS REVELACIONES DEL CASO KOLDO\" width=\"1240\" height=\"698\" src=\"https:\/\/www.youtube.com\/embed\/JBKg1dN7YpM?feature=oembed\" frameborder=\"0\" allow=\"accelerometer; autoplay; clipboard-write; encrypted-media; gyroscope; picture-in-picture; web-share\" referrerpolicy=\"strict-origin-when-cross-origin\" allowfullscreen><\/iframe>\n<\/div><\/figure>\n","protected":false},"excerpt":{"rendered":"<p>Santo Domingo.- Communicator Pedro Manuel Casals harshly criticized the meeting held by the Attorney General of the Republic, Yeni Berenice Reynoso, with the Spanish Minister of the Interior, Fernando Grande-Marlaska, and denounced that the Dominican authorities refuse to provide key information regarding the ties of the former Prime Minister of Spain, Jos\u00e9 Luis Rodr\u00edguez Zapatero, [&hellip;]<\/p>\n","protected":false},"author":4,"featured_media":516758,"comment_status":"open","ping_status":"open","sticky":false,"template":"","format":"standard","meta":{"_acf_changed":false,"_jetpack_newsletter_access":"","_jetpack_dont_email_post_to_subs":false,"_jetpack_newsletter_tier_id":0,"_jetpack_memberships_contains_paywalled_content":false,"_jetpack_memberships_contains_paid_content":false,"footnotes":"","_members_access_role":[],"_members_access_error":""},"categories":[40216],"tags":[25037,44451,17566],"class_list":["post-516756","post","type-post","status-publish","format-standard","has-post-thumbnail","category-dominican-news","tag-casals","tag-grande-marlaska","tag-yeni-berenice"],"acf":[],"jetpack_sharing_enabled":true,"jetpack_shortlink":"https:\/\/wp.me\/phj1q1-2aqM","jetpack_featured_media_url":"https:\/\/deultimominuto.com\/en\/wp-content\/uploads\/sites\/2\/2026\/07\/IMG_3576.jpg","dum_api":{"author_name":"Redacci\u00f3n De \u00daltimo Minuto","author_image":"https:\/\/deultimominuto.com\/wp-content\/uploads\/2025\/02\/cropped-logo-de-ultimo-minuto-96x96.png","categories_name":["Dominican News"],"featured_media_url":"https:\/\/cdn.deultimominuto.com\/en\/wp-content\/uploads\/sites\/2\/2026\/07\/IMG_3576.jpg"},"_links":{"self":[{"href":"https:\/\/deultimominuto.com\/en\/wp-json\/wp\/v2\/posts\/516756","targetHints":{"allow":["GET"]}}],"collection":[{"href":"https:\/\/deultimominuto.com\/en\/wp-json\/wp\/v2\/posts"}],"about":[{"href":"https:\/\/deultimominuto.com\/en\/wp-json\/wp\/v2\/types\/post"}],"author":[{"embeddable":true,"href":"https:\/\/deultimominuto.com\/en\/wp-json\/wp\/v2\/users\/4"}],"replies":[{"embeddable":true,"href":"https:\/\/deultimominuto.com\/en\/wp-json\/wp\/v2\/comments?post=516756"}],"version-history":[{"count":0,"href":"https:\/\/deultimominuto.com\/en\/wp-json\/wp\/v2\/posts\/516756\/revisions"}],"wp:featuredmedia":[{"embeddable":true,"href":"https:\/\/deultimominuto.com\/en\/wp-json\/wp\/v2\/media\/516758"}],"wp:attachment":[{"href":"https:\/\/deultimominuto.com\/en\/wp-json\/wp\/v2\/media?parent=516756"}],"wp:term":[{"taxonomy":"category","embeddable":true,"href":"https:\/\/deultimominuto.com\/en\/wp-json\/wp\/v2\/categories?post=516756"},{"taxonomy":"post_tag","embeddable":true,"href":"https:\/\/deultimominuto.com\/en\/wp-json\/wp\/v2\/tags?post=516756"}],"curies":[{"name":"wp","href":"https:\/\/api.w.org\/{rel}","templated":true}]}}