{"id":516993,"date":"2026-07-22T20:27:26","date_gmt":"2026-07-23T00:27:26","guid":{"rendered":"https:\/\/deultimominuto.net\/en\/uncategorized\/mother-demands-the-capture-of-the-man-she-accuses-of-killing-her-son-12-years-ago-in-sfm\/"},"modified":"2026-07-22T20:27:26","modified_gmt":"2026-07-23T00:27:26","slug":"mother-demands-the-capture-of-the-man-she-accuses-of-killing-her-son-12-years-ago-in-sfm","status":"publish","type":"post","link":"https:\/\/deultimominuto.com\/en\/uncategorized\/mother-demands-the-capture-of-the-man-she-accuses-of-killing-her-son-12-years-ago-in-sfm\/","title":{"rendered":"Mother demands the capture of the man she accuses of killing her son 12 years ago in SFM"},"content":{"rendered":"\n<p class=\"wp-block-paragraph\"><strong>San Francisco de Macor\u00eds. <\/strong>&#8211; A woman identified as Maribel D\u00edaz Hern\u00e1ndez went before the authorities this <a href=\"https:\/\/deultimominuto.com\/nacionales\/madre-pide-ayuda-urgente\/\">Wednesday<\/a> to request that the man she points to as responsible for her son&#8217;s death be located and arrested, an event that occurred 12 years ago.<\/p>\n\n\n\n<p class=\"wp-block-paragraph\">The complainant identified the alleged perpetrator as Wilson Pichardo Minaya, asserting that he remains at large and allegedly frequents the San Mart\u00edn sector, for which she asked the authorities to intensify their search.<\/p>\n\n\n\n<p class=\"wp-block-paragraph\">Maribel explained that her son, Juan Antonio Reynoso D\u00edaz, known as &#8220;Jairo&#8221;, was 24 years old when he lost his life. She indicated that the young man was under medical treatment and that the accused took advantage of him falling to attack him with a bladed weapon.<\/p>\n\n\n\n<p class=\"wp-block-paragraph\"><strong>We recommend reading:<a href=\"https:\/\/deultimominuto.com\/nacionales\/madre-pide-ayuda-para-costear-estudios-medicos-de-su-bebe-con-sindrome-de-edwards\/\">Mother asks for help to pay for her baby&#8217;s medical studies with Edwards syndrome<\/a><\/strong><\/p>\n\n\n\n<p class=\"wp-block-paragraph\">The woman stated that she felt grateful for the support received from the National Police during these years, but insisted that the case must be clarified and the person responsible brought to justice.<\/p>\n","protected":false},"excerpt":{"rendered":"<p>San Francisco de Macor\u00eds. &#8211; A woman identified as Maribel D\u00edaz Hern\u00e1ndez went before the authorities this Wednesday to request that the man she points to as responsible for her son&#8217;s death be located and arrested, an event that occurred 12 years ago. The complainant identified the alleged perpetrator as Wilson Pichardo Minaya, asserting that [&hellip;]<\/p>\n","protected":false},"author":133556,"featured_media":516994,"comment_status":"open","ping_status":"open","sticky":false,"template":"","format":"standard","meta":{"_acf_changed":false,"_jetpack_newsletter_access":"","_jetpack_dont_email_post_to_subs":false,"_jetpack_newsletter_tier_id":0,"_jetpack_memberships_contains_paywalled_content":false,"_jetpack_memberships_contains_paid_content":false,"footnotes":"","_members_access_role":[],"_members_access_error":""},"categories":[1],"tags":[],"class_list":["post-516993","post","type-post","status-publish","format-standard","has-post-thumbnail","category-uncategorized"],"acf":[],"jetpack_sharing_enabled":true,"jetpack_shortlink":"https:\/\/wp.me\/phj1q1-2auB","jetpack_featured_media_url":"https:\/\/deultimominuto.com\/en\/wp-content\/uploads\/sites\/2\/2026\/07\/WhatsApp-Image-2026-07-22-at-8.10.40-PM-1.jpeg","dum_api":{"author_name":"Yerandi Santana","author_image":"https:\/\/deultimominuto.com\/wp-content\/uploads\/2026\/02\/cropped-WhatsApp-Image-2026-02-13-at-5.35.07-PM-96x96.jpeg","categories_name":["Uncategorized"],"featured_media_url":"https:\/\/cdn.deultimominuto.com\/en\/wp-content\/uploads\/sites\/2\/2026\/07\/WhatsApp-Image-2026-07-22-at-8.10.40-PM-1.jpeg"},"_links":{"self":[{"href":"https:\/\/deultimominuto.com\/en\/wp-json\/wp\/v2\/posts\/516993","targetHints":{"allow":["GET"]}}],"collection":[{"href":"https:\/\/deultimominuto.com\/en\/wp-json\/wp\/v2\/posts"}],"about":[{"href":"https:\/\/deultimominuto.com\/en\/wp-json\/wp\/v2\/types\/post"}],"author":[{"embeddable":true,"href":"https:\/\/deultimominuto.com\/en\/wp-json\/wp\/v2\/users\/133556"}],"replies":[{"embeddable":true,"href":"https:\/\/deultimominuto.com\/en\/wp-json\/wp\/v2\/comments?post=516993"}],"version-history":[{"count":0,"href":"https:\/\/deultimominuto.com\/en\/wp-json\/wp\/v2\/posts\/516993\/revisions"}],"wp:featuredmedia":[{"embeddable":true,"href":"https:\/\/deultimominuto.com\/en\/wp-json\/wp\/v2\/media\/516994"}],"wp:attachment":[{"href":"https:\/\/deultimominuto.com\/en\/wp-json\/wp\/v2\/media?parent=516993"}],"wp:term":[{"taxonomy":"category","embeddable":true,"href":"https:\/\/deultimominuto.com\/en\/wp-json\/wp\/v2\/categories?post=516993"},{"taxonomy":"post_tag","embeddable":true,"href":"https:\/\/deultimominuto.com\/en\/wp-json\/wp\/v2\/tags?post=516993"}],"curies":[{"name":"wp","href":"https:\/\/api.w.org\/{rel}","templated":true}]}}