{"id":517102,"date":"2026-07-23T09:45:32","date_gmt":"2026-07-23T13:45:32","guid":{"rendered":"https:\/\/deultimominuto.net\/en\/uncategorized\/inefi-begins-construction-of-a-roof-to-dignify-school-sports-at-the-republica-de-chile-school\/"},"modified":"2026-07-23T09:45:32","modified_gmt":"2026-07-23T13:45:32","slug":"inefi-begins-construction-of-a-roof-to-dignify-school-sports-at-the-republica-de-chile-school","status":"publish","type":"post","link":"https:\/\/deultimominuto.com\/en\/uncategorized\/inefi-begins-construction-of-a-roof-to-dignify-school-sports-at-the-republica-de-chile-school\/","title":{"rendered":"Inefi begins construction of a roof to dignify school sports at the Rep\u00fablica de Chile School"},"content":{"rendered":"\n<p class=\"wp-block-paragraph\"><strong>Santo Domingo.- <\/strong>With the goal of strengthening and dignifying school sports, the National Institute of Physical Education (Inefi) began this Wednesday the construction of a modern roofed facility at the Rep\u00fablica de Chile School, in the San Carlos sector, in the National District.<\/p>\n\n\n\n<p class=\"wp-block-paragraph\">The event was led by the executive director of Inefi, Alberto Rodr\u00edguez Mella, who, prior to breaking ground, reported that said work reflects the commitment that President Luis Abinader has to the dignification of the country&#8217;s educational and sports spaces.<\/p>\n\n\n\n<p class=\"wp-block-paragraph\">Rodr\u00edguez Mella maintained that this project not only responds to an infrastructure need, but also represents a direct investment in the integral development of our youth, by offering an environment conducive to the practice of sports, physical activity, and healthy coexistence.<\/p>\n\n\n\n<p class=\"wp-block-paragraph\">He recalled that during the time of the COVID-19 pandemic, \u201cwhen we met in clubs and sports courts, what people asked President Abinader for was a roof so as not to practice in the rain or the sun\u201d.<\/p>\n\n\n\n<p class=\"wp-block-paragraph\">He highlighted that the roofing will not only be for sporting events, but community activities such as weddings, birthdays, report card distribution, faculty meetings, neighborhood association meetings, among other gatherings, can also be held.<\/p>\n\n\n\n<p class=\"wp-block-paragraph\"><strong>We recommend reading: <a href=\"https:\/\/deultimominuto.com\/deportes\/inefi-inicia-construccion-techado\/\">INEFI begins construction of a roof at the Rep\u00fablica de Chile School<\/a><\/strong><\/p>\n\n\n\n<p class=\"wp-block-paragraph\">\u201cWe aspire for this space to become a meeting point to strengthen the values, discipline, and sense of community that our educational system needs so much,\u201d stated the incumbent of Inefi.<\/p>\n\n\n\n<p class=\"wp-block-paragraph\">He expressed confidence that the roofing will be delivered before the start of the next school year, \u201cthanks to God, the good weather, and the strength of the workers and engineers who will work on it.\u201d<\/p>\n\n\n\n<p class=\"wp-block-paragraph\">For his part, the school&#8217;s director, Professor Manuel de los Santos, was very pleased and grateful that the government of President Luis Abinader, through Inefi, took the initiative to build the sports center, which \u201chas been highly anticipated by our students and community members.\u201d<\/p>\n\n\n\n<p class=\"wp-block-paragraph\">De los Santos ratified what was said by Rodr\u00edguez Mella when reporting that the roofed facility will not only be for playing basketball, volleyball, table tennis, and chess, but also so that the neighbors of the sector, under the supervision and consent of the directors of that educational center, can carry out various types of community activities.<\/p>\n\n\n\n<p class=\"wp-block-paragraph\"><strong>Authorities present<\/strong><\/p>\n\n\n\n<p class=\"wp-block-paragraph\">Alberto Rodr\u00edguez Mella was accompanied by the deputy director general of Inefi, Elvis Duarte; the administrative and financial advisor, C\u00e9sar Ruiz; the cabinet director of Inefi, Cristian Hern\u00e1ndez, and the president of the Council of Councilors, Giancarlo Vega.<\/p>\n\n\n\n<p class=\"wp-block-paragraph\">Also present were the regional director 15 of Education, Eddy Ch\u00e1vez; the spokesperson for the National Police, Diego Pesqueira; the president of the Fe y Alegr\u00eda Foundation, Amauri F\u00e9lix, and the councilman for Constituency 1, Juan L\u00f3pez, among others.<\/p>\n\n\n\n<p class=\"wp-block-paragraph\"><strong>Delivered and constructed works<\/strong><\/p>\n\n\n\n<p class=\"wp-block-paragraph\">During Alberto Rodr\u00edguez Mella&#8217;s administration at Inefi, at least 6 sports centers and covered sports facilities have been built and delivered in different regions of the country, in addition to renovating more than 31 school courts and maintaining other projects in the process of execution. Some examples are as follows:<\/p>\n\n\n\n<p class=\"wp-block-paragraph\">El\u00edas Pi\u00f1a: First covered sports facility delivered in the southern region.<\/p>\n\n\n\n<p class=\"wp-block-paragraph\">San Juan de la Maguana: School gymnasium recently delivered in the province.<\/p>\n\n\n\n<p class=\"wp-block-paragraph\">National District (Capotillo Neighborhood): Covered court and sports facility completed.<\/p>\n\n\n\n<p class=\"wp-block-paragraph\">Monte Plata (Bayaguana, Yamas\u00e1): Includes the sports center at the General Eusebio Manzueta Polytechnic.<\/p>\n\n\n\n<p class=\"wp-block-paragraph\">Santiago and San Pedro de Macor\u00eds: Units delivered within the school <a href=\"https:\/\/deultimominuto.com\/deportes\/inefi-reconoce-41-personalidades\/\">infrastructure<\/a> plan.<\/p>\n\n\n\n<p class=\"wp-block-paragraph\">Santo Domingo Norte, Santo Domingo: Additional works in vulnerable areas.<\/p>\n","protected":false},"excerpt":{"rendered":"<p>Santo Domingo.- With the goal of strengthening and dignifying school sports, the National Institute of Physical Education (Inefi) began this Wednesday the construction of a modern roofed facility at the Rep\u00fablica de Chile School, in the San Carlos sector, in the National District. The event was led by the executive director of Inefi, Alberto Rodr\u00edguez [&hellip;]<\/p>\n","protected":false},"author":133556,"featured_media":0,"comment_status":"open","ping_status":"open","sticky":false,"template":"","format":"standard","meta":{"_acf_changed":false,"_jetpack_newsletter_access":"","_jetpack_dont_email_post_to_subs":false,"_jetpack_newsletter_tier_id":0,"_jetpack_memberships_contains_paywalled_content":false,"_jetpack_memberships_contains_paid_content":false,"footnotes":"","_members_access_role":[],"_members_access_error":""},"categories":[1],"tags":[],"class_list":["post-517102","post","type-post","status-publish","format-standard","category-uncategorized"],"acf":[],"jetpack_sharing_enabled":true,"jetpack_shortlink":"https:\/\/wp.me\/phj1q1-2awm","jetpack_featured_media_url":"","dum_api":{"author_name":"Yerandi Santana","author_image":"https:\/\/deultimominuto.com\/wp-content\/uploads\/2026\/02\/cropped-WhatsApp-Image-2026-02-13-at-5.35.07-PM-96x96.jpeg","categories_name":["Uncategorized"],"featured_media_url":null},"_links":{"self":[{"href":"https:\/\/deultimominuto.com\/en\/wp-json\/wp\/v2\/posts\/517102","targetHints":{"allow":["GET"]}}],"collection":[{"href":"https:\/\/deultimominuto.com\/en\/wp-json\/wp\/v2\/posts"}],"about":[{"href":"https:\/\/deultimominuto.com\/en\/wp-json\/wp\/v2\/types\/post"}],"author":[{"embeddable":true,"href":"https:\/\/deultimominuto.com\/en\/wp-json\/wp\/v2\/users\/133556"}],"replies":[{"embeddable":true,"href":"https:\/\/deultimominuto.com\/en\/wp-json\/wp\/v2\/comments?post=517102"}],"version-history":[{"count":0,"href":"https:\/\/deultimominuto.com\/en\/wp-json\/wp\/v2\/posts\/517102\/revisions"}],"wp:attachment":[{"href":"https:\/\/deultimominuto.com\/en\/wp-json\/wp\/v2\/media?parent=517102"}],"wp:term":[{"taxonomy":"category","embeddable":true,"href":"https:\/\/deultimominuto.com\/en\/wp-json\/wp\/v2\/categories?post=517102"},{"taxonomy":"post_tag","embeddable":true,"href":"https:\/\/deultimominuto.com\/en\/wp-json\/wp\/v2\/tags?post=517102"}],"curies":[{"name":"wp","href":"https:\/\/api.w.org\/{rel}","templated":true}]}}