{"id":517654,"date":"2026-07-25T12:55:44","date_gmt":"2026-07-25T16:55:44","guid":{"rendered":"https:\/\/deultimominuto.net\/en\/uncategorized\/milei-was-decorated-in-brazil-amidst-his-trip-for-the-launch-of-flavio-bolsonaros-candidacy\/"},"modified":"2026-07-25T12:55:44","modified_gmt":"2026-07-25T16:55:44","slug":"milei-was-decorated-in-brazil-amidst-his-trip-for-the-launch-of-flavio-bolsonaros-candidacy","status":"publish","type":"post","link":"https:\/\/deultimominuto.com\/en\/uncategorized\/milei-was-decorated-in-brazil-amidst-his-trip-for-the-launch-of-flavio-bolsonaros-candidacy\/","title":{"rendered":"Milei was decorated in Brazil amidst his trip for the launch of Fl\u00e1vio Bolsonaro&#8217;s candidacy"},"content":{"rendered":"\n<p class=\"wp-block-paragraph\"><strong>S\u00e3o Paulo.-<\/strong><a href=\"https:\/\/efe.com\/mundo\/2026-07-25\/milei-condecorado-brasil-viaje-lanzamiento-candidatura-flavio-bolsonaro\/\" data-type=\"link\" data-id=\"https:\/\/efe.com\/mundo\/2026-07-25\/milei-condecorado-brasil-viaje-lanzamiento-candidatura-flavio-bolsonaro\/\" target=\"_blank\" rel=\"noopener\"><strong> <\/strong>Argentine President Javier Milei<\/a>, who traveled to Brazil to support the launch of Senator Flavio Bolsonaro&#8217;s candidacy, was received this Saturday by the Governor of S\u00e3o Paulo, Tarc\u00edsio de Freitas, who awarded him the Order of Ipiranga, the regional government&#8217;s highest honor.<\/p>\n\n\n\n<p class=\"wp-block-paragraph\">Milei arrived at the S\u00e3o Paulo government headquarters together with his sister, Karina Milei, before attending the Liberal Party convention, Bolsonaro&#8217;s political group.<\/p>\n\n\n\n<p class=\"wp-block-paragraph\">The Argentine president was received with the highest honors at the Pal\u00e1cio dos Bandeirantes, but instead of a red carpet, they rolled out a blue one.<\/p>\n\n\n\n<p class=\"wp-block-paragraph\">The change of color in the carpet was a detail from the regional leader to make reference to the so-called Latin American &#8220;blue wave,&#8221; an expression used by right-wing allies for the advance of conservative governments in the region.<\/p>\n\n\n\n<h3 class=\"wp-block-heading\" id=\"h-la-reunion-con-el-gobernador-de-sao-paulo\">The meeting with the governor of S\u00e3o Paulo<\/h3>\n\n\n\n<p class=\"wp-block-paragraph\">During his visit to the Palace, Milei held a private meeting with Freitas in which they discussed matters of bilateral interest in the economic and commercial areas.<\/p>\n\n\n\n<p class=\"wp-block-paragraph\">The state of S\u00e3o Paulo, Brazil&#8217;s main industrial hub, has consolidated a strategic trade relationship with Argentina, especially in the automotive sector.<\/p>\n\n\n\n<p class=\"wp-block-paragraph\">We recommend reading:<\/p>\n\n\n\n<p class=\"wp-block-paragraph\">&#8220;Argentina is a strategic partner for S\u00e3o Paulo and the numbers show the strength of this cooperation,&#8221; stated the governor, while highlighting the intention to expand investments and opportunities for joint development.<\/p>\n\n\n\n<p class=\"wp-block-paragraph\">The region accounts for 46% of Brazilian exports to Argentina, according to data released by the state government.<\/p>\n\n\n\n<p class=\"wp-block-paragraph\">After the meeting, the Argentine leader headed to the Pacaembu soccer stadium to support <a href=\"https:\/\/efe.com\/mundo\/2026-07-23\/flavio-bolsonaro-disculpas-madrastra-brasil\/\" target=\"_blank\" rel=\"noopener\">his friend and ally Fl\u00e1vio, son of former president Jair Bolsonaro,<\/a> at a time when he has lost strength in the polls against the current ruler, Luiz In\u00e1cio Lula da Silva.<\/p>\n\n\n\n<p class=\"wp-block-paragraph\">The latest poll by the firm Datafolha, released on Friday, left Lula with 48% of the support compared to the 43% that Fl\u00e1vio Bolsonaro would obtain in a possible second round of the elections.<\/p>\n\n\n\n<h4 class=\"wp-block-heading\" id=\"h-milei-dice-que-es-una-pena-no-poder-visitar-a-jair-bolsonaro\">Milei says it is &#8220;a pity&#8221; not to be able to visit Jair Bolsonaro<\/h4>\n\n\n\n<p class=\"wp-block-paragraph\">On the other hand, Milei regretted this Saturday in S\u00e3o Paulo not having been able to visit former Brazilian president Jair Bolsonaro (2019-2022), convicted of coup-mongering and under house arrest, after the Supreme Court denied him permission for failing to comply with the restrictions imposed under that regime.<\/p>\n\n\n\n<p class=\"wp-block-paragraph\">&#8220;It&#8217;s a shame I couldn&#8217;t see your dad,&#8221; Milei told Senator Flavio Bolsonaro, the eldest son of the former Brazilian president, who is under house arrest after being sentenced to 27 years for an attempted coup d&#8217;\u00e9tat, according to a video posted on social media by the senator.<\/p>\n\n\n\n<p class=\"wp-block-paragraph\">The Argentine president met with Fl\u00e1vio Bolsonaro at the Bandeirantes Palace, the seat of the S\u00e3o Paulo state government, where he had previously held a meeting with Governor Tarc\u00edsio de Freitas.<\/p>\n\n\n\n<p class=\"wp-block-paragraph\"><\/p>\n","protected":false},"excerpt":{"rendered":"<p>S\u00e3o Paulo.- Argentine President Javier Milei, who traveled to Brazil to support the launch of Senator Flavio Bolsonaro&#8217;s candidacy, was received this Saturday by the Governor of S\u00e3o Paulo, Tarc\u00edsio de Freitas, who awarded him the Order of Ipiranga, the regional government&#8217;s highest honor. Milei arrived at the S\u00e3o Paulo government headquarters together with his [&hellip;]<\/p>\n","protected":false},"author":133559,"featured_media":517655,"comment_status":"open","ping_status":"open","sticky":false,"template":"","format":"standard","meta":{"_acf_changed":false,"_jetpack_newsletter_access":"","_jetpack_dont_email_post_to_subs":false,"_jetpack_newsletter_tier_id":0,"_jetpack_memberships_contains_paywalled_content":false,"_jetpack_memberships_contains_paid_content":false,"footnotes":"","_members_access_role":[],"_members_access_error":""},"categories":[1],"tags":[],"class_list":["post-517654","post","type-post","status-publish","format-standard","has-post-thumbnail","category-uncategorized"],"acf":[],"jetpack_sharing_enabled":true,"jetpack_shortlink":"https:\/\/wp.me\/phj1q1-2aFg","jetpack_featured_media_url":"https:\/\/deultimominuto.com\/en\/wp-content\/uploads\/sites\/2\/2026\/07\/Brasil_Bolsonaro.webp","dum_api":{"author_name":"Preciosa Jimenez","author_image":"https:\/\/deultimominuto.com\/wp-content\/uploads\/2026\/05\/cropped-WhatsApp-Image-2026-05-26-at-5.31.56-PM-96x96.jpeg","categories_name":["Uncategorized"],"featured_media_url":"https:\/\/cdn.deultimominuto.com\/en\/wp-content\/uploads\/sites\/2\/2026\/07\/Brasil_Bolsonaro.webp"},"_links":{"self":[{"href":"https:\/\/deultimominuto.com\/en\/wp-json\/wp\/v2\/posts\/517654","targetHints":{"allow":["GET"]}}],"collection":[{"href":"https:\/\/deultimominuto.com\/en\/wp-json\/wp\/v2\/posts"}],"about":[{"href":"https:\/\/deultimominuto.com\/en\/wp-json\/wp\/v2\/types\/post"}],"author":[{"embeddable":true,"href":"https:\/\/deultimominuto.com\/en\/wp-json\/wp\/v2\/users\/133559"}],"replies":[{"embeddable":true,"href":"https:\/\/deultimominuto.com\/en\/wp-json\/wp\/v2\/comments?post=517654"}],"version-history":[{"count":0,"href":"https:\/\/deultimominuto.com\/en\/wp-json\/wp\/v2\/posts\/517654\/revisions"}],"wp:featuredmedia":[{"embeddable":true,"href":"https:\/\/deultimominuto.com\/en\/wp-json\/wp\/v2\/media\/517655"}],"wp:attachment":[{"href":"https:\/\/deultimominuto.com\/en\/wp-json\/wp\/v2\/media?parent=517654"}],"wp:term":[{"taxonomy":"category","embeddable":true,"href":"https:\/\/deultimominuto.com\/en\/wp-json\/wp\/v2\/categories?post=517654"},{"taxonomy":"post_tag","embeddable":true,"href":"https:\/\/deultimominuto.com\/en\/wp-json\/wp\/v2\/tags?post=517654"}],"curies":[{"name":"wp","href":"https:\/\/api.w.org\/{rel}","templated":true}]}}