{"id":518342,"date":"2026-07-28T14:23:27","date_gmt":"2026-07-28T18:23:27","guid":{"rendered":"https:\/\/deultimominuto.net\/en\/uncategorized\/keiko-fujimori-is-sworn-in-as-president-of-peru-for-the-2026-2031-five-year-term\/"},"modified":"2026-07-28T14:23:27","modified_gmt":"2026-07-28T18:23:27","slug":"keiko-fujimori-is-sworn-in-as-president-of-peru-for-the-2026-2031-five-year-term","status":"publish","type":"post","link":"https:\/\/deultimominuto.com\/en\/uncategorized\/keiko-fujimori-is-sworn-in-as-president-of-peru-for-the-2026-2031-five-year-term\/","title":{"rendered":"Keiko Fujimori is sworn in as President of Peru for the 2026-2031 five-year term"},"content":{"rendered":"\n<p class=\"wp-block-paragraph\"><strong>Lima.- <\/strong>Right-winger Keiko Fujimori was sworn in this Tuesday as president of Peru for the <a href=\"https:\/\/efe.com\/mundo\/2026-07-28\/peru-investidura-keiko-fujimori-presidenta\/\" target=\"_blank\" rel=\"noopener\">five-year term<\/a> 2026-2031, an act with which she officially assumes the office for which she was elected in the recent elections, where she prevailed in the runoff by a narrow margin of less than 50,000 votes over leftist Roberto S\u00e1nchez.<\/p>\n\n\n\n<p class=\"wp-block-paragraph\">The daughter and political heir of former President Alberto Fujimori (1990-2000) thus inaugurated her presidential term in a ceremony at the plenary session of Congress, which staged the return of Fujimorism to the Government of Peru after, almost 26 years ago, her father resigned by fax from Japan following the uncovering of a massive corruption scandal in his administration.<\/p>\n\n\n\n<p class=\"wp-block-paragraph\">The first woman to be elected president of Peru arrived at the legislative palace after having previously held meetings with the presidents and delegates of the countries attending the ceremony, including the King of Spain, Felipe VI; and eight presidents of Latin American countries.<\/p>\n\n\n\n<p class=\"wp-block-paragraph\">Unlike his predecessors, Fujimori has, in principle, sufficient support in Parliament to be able to complete his entire term.<\/p>\n\n\n\n<p class=\"wp-block-paragraph\"><strong>We recommend reading: <a href=\"https:\/\/deultimominuto.com\/internacionales\/peru-vive-su-noveno-cambio-de-presidente-en-diez-anos-con-la-investidura-de-keiko-fujimori\/\">Peru experiences its ninth change of president in ten years with the inauguration of Keiko Fujimori<\/a><\/strong><\/p>\n\n\n\n<h2 class=\"wp-block-heading\" id=\"h-el-regreso-del-fujimorismo\">The return of Fujimorism<\/h2>\n\n\n\n<p class=\"wp-block-paragraph\">Her assumption marks the return of Fujimorism to the Government of Peru, almost 26 years after her father resigned by fax from Japan following the uncovering of a major corruption scandal in which his right-hand man, advisor Vladimiro Montesinos, was also involved.<\/p>\n\n\n\n<p class=\"wp-block-paragraph\">In this quarter-century, the eldest daughter and political heir of the former president took the reins of Fujimorism with the purpose of regaining power and clearing her father&#8217;s name, who was sentenced to 25 years in prison for crimes against humanity, in addition to other charges for various corruption cases.<\/p>\n\n\n\n<p class=\"wp-block-paragraph\">That day arrives for Fujimori this Tuesday, after having persevered in her goal of reaching the Presidency despite losing three consecutive elections in the runoff (those of 2011, 2016, and 2021), and having spent nearly a year and a half in pretrial detention between 2018 and 2020, charged with alleged money laundering in the irregular financing of her electoral campaigns.<\/p>\n\n\n\n<h2 class=\"wp-block-heading\" id=\"h-el-rey-y-ocho-presidentes-asisten\">The King and eight presidents attend<\/h2>\n\n\n\n<p class=\"wp-block-paragraph\">In total, there are ten heads of State and Government who arrived in Peru for the ceremony, including the King of Spain, Felipe VI; and the presidents of Argentina, Javier Milei; Bolivia, Rodrigo Paz; Chile, Jos\u00e9 Antonio Kast; Ecuador, Daniel Noboa; Honduras, Nasry Asfura; Panama, Jos\u00e9 Ra\u00fal Mulino; Paraguay, Santiago Pe\u00f1a; and Uruguay, Yamand\u00fa Orsi.<\/p>\n\n\n\n<p class=\"wp-block-paragraph\">Also in attendance are the vice president-elect of Colombia, Juan Manuel Restrepo, and former presidents from various Latin American countries, including several who had a relationship with Alberto Fujimori.<\/p>\n\n\n\n<p class=\"wp-block-paragraph\">This is the case of the Chilean Eduardo Frei (1994-2000) and the Ecuadorian Jamil Mahuad (1998-2000), with whom the peace agreements were signed in 1998 that put an end to a long border conflict between both countries that led to a series of wars.<\/p>\n\n\n\n<p class=\"wp-block-paragraph\">Likewise, Fujimori invited several former female heads of state such as Panama&#8217;s Mireya Moscoso (1999-2004) and Bolivia&#8217;s Jeanine \u00c1\u00f1ez (2019-2020), as well as Panama&#8217;s Mario Abdo Ben\u00edtez (2018-2023) and the president of the People&#8217;s Party (PP) of Spain, Alberto N\u00fa\u00f1ez Feij\u00f3o, who supported her and asked for votes in her favor in the recent election.<\/p>\n\n\n\n<h2 class=\"wp-block-heading\" id=\"h-primero-discurso-y-nombramiento-de-ministros\">First speech and appointment of ministers<\/h2>\n\n\n\n<p class=\"wp-block-paragraph\">The inauguration ceremony is scheduled for noon (17:00 GMT) at the Peruvian Congress, where Fujimori will be presented with the presidential sash and will deliver her first speech as head of state, in which she is expected to announce some of her first measures as president.<\/p>\n\n\n\n<p class=\"wp-block-paragraph\">For this very Tuesday afternoon, he is scheduled to appoint his Council of Ministers, whose main members were already announced on Monday, with Vice President Luis Galarreta as <a href=\"https:\/\/deultimominuto.com\/internacionales\/el-rey-de-espana\/\">prime<\/a> minister, economist Elmer Cuba heading the Ministry of Economy and Finance, and journalist and former presidential candidate Carlos Esp\u00e1 in Foreign Affairs.<\/p>\n","protected":false},"excerpt":{"rendered":"<p>Lima.- Right-winger Keiko Fujimori was sworn in this Tuesday as president of Peru for the five-year term 2026-2031, an act with which she officially assumes the office for which she was elected in the recent elections, where she prevailed in the runoff by a narrow margin of less than 50,000 votes over leftist Roberto S\u00e1nchez. [&hellip;]<\/p>\n","protected":false},"author":133556,"featured_media":518343,"comment_status":"open","ping_status":"open","sticky":false,"template":"","format":"standard","meta":{"_acf_changed":false,"_jetpack_newsletter_access":"","_jetpack_dont_email_post_to_subs":false,"_jetpack_newsletter_tier_id":0,"_jetpack_memberships_contains_paywalled_content":false,"_jetpack_memberships_contains_paid_content":false,"footnotes":"","_members_access_role":[],"_members_access_error":""},"categories":[1],"tags":[],"class_list":["post-518342","post","type-post","status-publish","format-standard","has-post-thumbnail","category-uncategorized"],"acf":[],"jetpack_sharing_enabled":true,"jetpack_shortlink":"https:\/\/wp.me\/phj1q1-2aQm","jetpack_featured_media_url":"https:\/\/deultimominuto.com\/en\/wp-content\/uploads\/sites\/2\/2026\/07\/Keiko_Fujimori_Peru-1-1.webp","dum_api":{"author_name":"Yerandi Santana","author_image":"https:\/\/deultimominuto.com\/wp-content\/uploads\/2026\/02\/cropped-WhatsApp-Image-2026-02-13-at-5.35.07-PM-96x96.jpeg","categories_name":["Uncategorized"],"featured_media_url":"https:\/\/cdn.deultimominuto.com\/en\/wp-content\/uploads\/sites\/2\/2026\/07\/Keiko_Fujimori_Peru-1-1.webp"},"_links":{"self":[{"href":"https:\/\/deultimominuto.com\/en\/wp-json\/wp\/v2\/posts\/518342","targetHints":{"allow":["GET"]}}],"collection":[{"href":"https:\/\/deultimominuto.com\/en\/wp-json\/wp\/v2\/posts"}],"about":[{"href":"https:\/\/deultimominuto.com\/en\/wp-json\/wp\/v2\/types\/post"}],"author":[{"embeddable":true,"href":"https:\/\/deultimominuto.com\/en\/wp-json\/wp\/v2\/users\/133556"}],"replies":[{"embeddable":true,"href":"https:\/\/deultimominuto.com\/en\/wp-json\/wp\/v2\/comments?post=518342"}],"version-history":[{"count":0,"href":"https:\/\/deultimominuto.com\/en\/wp-json\/wp\/v2\/posts\/518342\/revisions"}],"wp:featuredmedia":[{"embeddable":true,"href":"https:\/\/deultimominuto.com\/en\/wp-json\/wp\/v2\/media\/518343"}],"wp:attachment":[{"href":"https:\/\/deultimominuto.com\/en\/wp-json\/wp\/v2\/media?parent=518342"}],"wp:term":[{"taxonomy":"category","embeddable":true,"href":"https:\/\/deultimominuto.com\/en\/wp-json\/wp\/v2\/categories?post=518342"},{"taxonomy":"post_tag","embeddable":true,"href":"https:\/\/deultimominuto.com\/en\/wp-json\/wp\/v2\/tags?post=518342"}],"curies":[{"name":"wp","href":"https:\/\/api.w.org\/{rel}","templated":true}]}}