{"id":518405,"date":"2026-07-28T19:41:18","date_gmt":"2026-07-28T23:41:18","guid":{"rendered":"https:\/\/deultimominuto.net\/en\/uncategorized\/councilman-wilkin-martinez-requests-digesett-to-monitor-motorcycles-on-the-bike-lanes-of-the-malecon-and-bolivar-ave\/"},"modified":"2026-07-28T19:41:18","modified_gmt":"2026-07-28T23:41:18","slug":"councilman-wilkin-martinez-requests-digesett-to-monitor-motorcycles-on-the-bike-lanes-of-the-malecon-and-bolivar-ave","status":"publish","type":"post","link":"https:\/\/deultimominuto.com\/en\/uncategorized\/councilman-wilkin-martinez-requests-digesett-to-monitor-motorcycles-on-the-bike-lanes-of-the-malecon-and-bolivar-ave\/","title":{"rendered":"Councilman Wilkin Mart\u00ednez requests Digesett to monitor motorcycles on the bike lanes of the Malec\u00f3n and Bol\u00edvar Ave."},"content":{"rendered":"\n<p class=\"wp-block-paragraph\"><em>Invoke Article 156 of Law 63-17 to protect the lives of cyclists and pedestrians.<\/em><\/p>\n\n\n\n<p class=\"wp-block-paragraph\">The councilman for District No. 1, <strong>Wilkin Mart\u00ednez<\/strong>, requested this Monday that <strong>Digesett<\/strong> reinforce enforcement against motorcycles circulating on the bike lanes of the Malec\u00f3n and Bol\u00edvar Avenue.<\/p>\n\n\n\n<p class=\"wp-block-paragraph\">Mart\u00ednez explained that these spaces were created to promote sustainable mobility and cyclist safety, but <strong>they are invaded daily by motor vehicles<\/strong>, violating <strong>article 156 of Mobility Law 63-17<\/strong>.<\/p>\n\n\n\n<p class=\"wp-block-paragraph\">&#8220;A bike path is not a road for motors. It is a living space. We cannot allow recklessness to take away the safety of those who ride bicycles or run on the Malec\u00f3n,&#8221; he expressed.<\/p>\n\n\n\n<p class=\"wp-block-paragraph\"><strong>We recommend reading:<a href=\"https:\/\/deultimominuto.com\/nacionales\/sandy-baez-denuncia-prolongados\/\">Sandy B\u00e1ez denounces prolonged blackouts in the South: \u201cNobody can stand these blackouts\u201d<\/a><\/strong><\/p>\n\n\n\n<p class=\"wp-block-paragraph\">The councilman requested permanent operations and the application of sanctions, including to military personnel who violate this regulation, as well as improving signage so that drivers respect these exclusive lanes.<\/p>\n\n\n\n<p class=\"wp-block-paragraph\">&#8220;Taking care of bike lanes is taking care of lives. It is time to enforce the law,&#8221; he concluded.<\/p>\n","protected":false},"excerpt":{"rendered":"<p>Invoke Article 156 of Law 63-17 to protect the lives of cyclists and pedestrians. The councilman for District No. 1, Wilkin Mart\u00ednez, requested this Monday that Digesett reinforce enforcement against motorcycles circulating on the bike lanes of the Malec\u00f3n and Bol\u00edvar Avenue. Mart\u00ednez explained that these spaces were created to promote sustainable mobility and cyclist [&hellip;]<\/p>\n","protected":false},"author":133556,"featured_media":0,"comment_status":"open","ping_status":"open","sticky":false,"template":"","format":"standard","meta":{"_acf_changed":false,"_jetpack_newsletter_access":"","_jetpack_dont_email_post_to_subs":false,"_jetpack_newsletter_tier_id":0,"_jetpack_memberships_contains_paywalled_content":false,"_jetpack_memberships_contains_paid_content":false,"footnotes":"","_members_access_role":[],"_members_access_error":""},"categories":[1],"tags":[],"class_list":["post-518405","post","type-post","status-publish","format-standard","category-uncategorized"],"acf":[],"jetpack_sharing_enabled":true,"jetpack_shortlink":"https:\/\/wp.me\/phj1q1-2aRn","jetpack_featured_media_url":"","dum_api":{"author_name":"Yerandi Santana","author_image":"https:\/\/deultimominuto.com\/wp-content\/uploads\/2026\/02\/cropped-WhatsApp-Image-2026-02-13-at-5.35.07-PM-96x96.jpeg","categories_name":["Uncategorized"],"featured_media_url":null},"_links":{"self":[{"href":"https:\/\/deultimominuto.com\/en\/wp-json\/wp\/v2\/posts\/518405","targetHints":{"allow":["GET"]}}],"collection":[{"href":"https:\/\/deultimominuto.com\/en\/wp-json\/wp\/v2\/posts"}],"about":[{"href":"https:\/\/deultimominuto.com\/en\/wp-json\/wp\/v2\/types\/post"}],"author":[{"embeddable":true,"href":"https:\/\/deultimominuto.com\/en\/wp-json\/wp\/v2\/users\/133556"}],"replies":[{"embeddable":true,"href":"https:\/\/deultimominuto.com\/en\/wp-json\/wp\/v2\/comments?post=518405"}],"version-history":[{"count":0,"href":"https:\/\/deultimominuto.com\/en\/wp-json\/wp\/v2\/posts\/518405\/revisions"}],"wp:attachment":[{"href":"https:\/\/deultimominuto.com\/en\/wp-json\/wp\/v2\/media?parent=518405"}],"wp:term":[{"taxonomy":"category","embeddable":true,"href":"https:\/\/deultimominuto.com\/en\/wp-json\/wp\/v2\/categories?post=518405"},{"taxonomy":"post_tag","embeddable":true,"href":"https:\/\/deultimominuto.com\/en\/wp-json\/wp\/v2\/tags?post=518405"}],"curies":[{"name":"wp","href":"https:\/\/api.w.org\/{rel}","templated":true}]}}