{"id":518702,"date":"2026-07-30T08:57:26","date_gmt":"2026-07-30T12:57:26","guid":{"rendered":"https:\/\/deultimominuto.net\/en\/uncategorized\/family-demands-justice-for-young-womans-death-following-cosmetic-surgery-and-reports-delays-in-investigation-in-santiago\/"},"modified":"2026-07-30T08:57:26","modified_gmt":"2026-07-30T12:57:26","slug":"family-demands-justice-for-young-womans-death-following-cosmetic-surgery-and-reports-delays-in-investigation-in-santiago","status":"publish","type":"post","link":"https:\/\/deultimominuto.com\/en\/uncategorized\/family-demands-justice-for-young-womans-death-following-cosmetic-surgery-and-reports-delays-in-investigation-in-santiago\/","title":{"rendered":"Family demands justice for young woman&#8217;s death following cosmetic surgery and reports delays in investigation in Santiago"},"content":{"rendered":"\n<p class=\"wp-block-paragraph\"><strong>Santiago.<\/strong>\u2013 More than four months after the death of 30-year-old Ang\u00e9lica Geraldine Hern\u00e1ndez, following <a href=\"https:\/\/deultimominuto.com\/\" data-type=\"page\" data-id=\"674892\">cosmetic surgery<\/a> at the Diosa center, her relatives denounced the slowness of the investigation this Wednesday, asserting that they have yet to receive the official autopsy results or information regarding possible legal proceedings, despite the fact that the forensic report was reportedly issued several weeks ago.<\/p>\n\n\n\n<p class=\"wp-block-paragraph\">Laura Hern\u00e1ndez, the victim&#8217;s sister, stated that the family maintains its trust in the Public Prosecutor&#8217;s Office, but considered that the process is advancing with excessive delay.<\/p>\n\n\n\n<blockquote class=\"wp-block-quote is-layout-flow wp-block-quote-is-layout-flow\">\n<p class=\"wp-block-paragraph\">\u201cWe trust the Prosecutor&#8217;s Office, but the process is too slow,\u201d he stated.<\/p>\n<\/blockquote>\n\n\n\n<p class=\"wp-block-paragraph\">He indicated that, according to what they were informed, the report from the National Institute of Forensic Sciences (INACIF) was issued approximately a month ago; however, to date, the family members have not had access to the document nor do they know the official conclusions regarding the cause of death.<\/p>\n\n\n\n<p class=\"wp-block-paragraph\">The family also asserted that documents provided by the Ministry of Public Health to their legal representation show alleged irregularities in the operation of the center where the surgical procedure was performed.<\/p>\n\n\n\n<p class=\"wp-block-paragraph\">Among the anomalies noted are the alleged lack of authorization to perform cosmetic surgeries, the absence of nursing staff, deficiencies in the oxygen supply, and the lack of blood availability to handle potential medical emergencies.<\/p>\n\n\n\n<p class=\"wp-block-paragraph\">We recommend reading: <a href=\"https:\/\/deultimominuto.com\/nacionales\/policia-activa-busqueda-5\/\">Police activate search for man investigated for the death of Rebeca Brizard following liposuction<\/a><\/p>\n\n\n\n<p class=\"wp-block-paragraph\">Likewise, they reported inconsistencies regarding the identity of the doctor who was supposed to perform the procedure and the professional registered in the informed consent signed by the patient.<\/p>\n\n\n\n<p class=\"wp-block-paragraph\">Another of the deceased&#8217;s sisters, Ericka Hern\u00e1ndez, stated that some family members have received threats to drop the legal proceedings, a situation that, she said, increases the concern of her relatives while they wait for responsibilities to be established.<\/p>\n\n\n\n<p class=\"wp-block-paragraph\">In tears, Mar\u00eda Rodr\u00edguez, mother of Ang\u00e9lica Hern\u00e1ndez, asked the authorities to expedite the investigations and take action against those responsible.<\/p>\n\n\n\n<blockquote class=\"wp-block-quote is-layout-flow wp-block-quote-is-layout-flow\">\n<p class=\"wp-block-paragraph\">\u201cAll I want is justice for my daughter. Since the day she died, our family has not had peace again. We do not want this case to go unpunished,\u201d she expressed.<\/p>\n<\/blockquote>\n\n\n\n<p class=\"wp-block-paragraph\">The relatives acknowledged that the Public Prosecutor&#8217;s Office has questioned several people linked to the medical center. However, they maintain that the progress has been insufficient and are demanding a faster response from the authorities to clarify the case and prevent it from remaining in impunity.<\/p>\n","protected":false},"excerpt":{"rendered":"<p>Santiago.\u2013 More than four months after the death of 30-year-old Ang\u00e9lica Geraldine Hern\u00e1ndez, following cosmetic surgery at the Diosa center, her relatives denounced the slowness of the investigation this Wednesday, asserting that they have yet to receive the official autopsy results or information regarding possible legal proceedings, despite the fact that the forensic report was [&hellip;]<\/p>\n","protected":false},"author":133559,"featured_media":518703,"comment_status":"open","ping_status":"open","sticky":false,"template":"","format":"standard","meta":{"_acf_changed":false,"_jetpack_newsletter_access":"","_jetpack_dont_email_post_to_subs":false,"_jetpack_newsletter_tier_id":0,"_jetpack_memberships_contains_paywalled_content":false,"_jetpack_memberships_contains_paid_content":false,"footnotes":"","_members_access_role":[],"_members_access_error":""},"categories":[1],"tags":[],"class_list":["post-518702","post","type-post","status-publish","format-standard","has-post-thumbnail","category-uncategorized"],"acf":[],"jetpack_sharing_enabled":true,"jetpack_shortlink":"https:\/\/wp.me\/phj1q1-2aWa","jetpack_featured_media_url":"https:\/\/deultimominuto.com\/en\/wp-content\/uploads\/sites\/2\/2026\/07\/WhatsApp-Image-2026-07-30-at-8.42.50-AM.jpeg","dum_api":{"author_name":"Preciosa Jimenez","author_image":"https:\/\/deultimominuto.com\/wp-content\/uploads\/2026\/05\/cropped-WhatsApp-Image-2026-05-26-at-5.31.56-PM-96x96.jpeg","categories_name":["Uncategorized"],"featured_media_url":"https:\/\/cdn.deultimominuto.com\/en\/wp-content\/uploads\/sites\/2\/2026\/07\/WhatsApp-Image-2026-07-30-at-8.42.50-AM.jpeg"},"_links":{"self":[{"href":"https:\/\/deultimominuto.com\/en\/wp-json\/wp\/v2\/posts\/518702","targetHints":{"allow":["GET"]}}],"collection":[{"href":"https:\/\/deultimominuto.com\/en\/wp-json\/wp\/v2\/posts"}],"about":[{"href":"https:\/\/deultimominuto.com\/en\/wp-json\/wp\/v2\/types\/post"}],"author":[{"embeddable":true,"href":"https:\/\/deultimominuto.com\/en\/wp-json\/wp\/v2\/users\/133559"}],"replies":[{"embeddable":true,"href":"https:\/\/deultimominuto.com\/en\/wp-json\/wp\/v2\/comments?post=518702"}],"version-history":[{"count":0,"href":"https:\/\/deultimominuto.com\/en\/wp-json\/wp\/v2\/posts\/518702\/revisions"}],"wp:featuredmedia":[{"embeddable":true,"href":"https:\/\/deultimominuto.com\/en\/wp-json\/wp\/v2\/media\/518703"}],"wp:attachment":[{"href":"https:\/\/deultimominuto.com\/en\/wp-json\/wp\/v2\/media?parent=518702"}],"wp:term":[{"taxonomy":"category","embeddable":true,"href":"https:\/\/deultimominuto.com\/en\/wp-json\/wp\/v2\/categories?post=518702"},{"taxonomy":"post_tag","embeddable":true,"href":"https:\/\/deultimominuto.com\/en\/wp-json\/wp\/v2\/tags?post=518702"}],"curies":[{"name":"wp","href":"https:\/\/api.w.org\/{rel}","templated":true}]}}