{"id":518831,"date":"2026-07-30T17:59:14","date_gmt":"2026-07-30T21:59:14","guid":{"rendered":"https:\/\/deultimominuto.net\/en\/uncategorized\/former-provincial-director-of-the-micm-sentenced-to-30-years-in-prison-for-double-homicide-that-occurred-in-2022\/"},"modified":"2026-07-30T18:01:21","modified_gmt":"2026-07-30T22:01:21","slug":"former-provincial-director-of-the-micm-sentenced-to-30-years-in-prison-for-double-homicide-that-occurred-in-2022","status":"publish","type":"post","link":"https:\/\/deultimominuto.com\/en\/uncategorized\/former-provincial-director-of-the-micm-sentenced-to-30-years-in-prison-for-double-homicide-that-occurred-in-2022\/","title":{"rendered":"Former provincial director of the MICM sentenced to 30 years in prison for double homicide that occurred in 2022"},"content":{"rendered":"\n<p class=\"wp-block-paragraph\"><strong>Santiago Rodr\u00edguez.<\/strong>&#8211; The Collegiate Court of the Judicial District of Santiago Rodr\u00edguez sentenced the former provincial director of the Ministry of Industry, Commerce and MSMEs (MICM), Carlos Juan Rodr\u00edguez Garc\u00eda, to 30 years in prison after finding him guilty of the homicide of a married couple and causing serious injuries to two other people during an incident that occurred in June 2022.<\/p>\n\n\n\n<p class=\"wp-block-paragraph\">According to the ruling, Rodr\u00edguez Garc\u00eda was found responsible for causing the shooting deaths of <strong>Juan de los Santos Peralta Barrios<\/strong> and <strong>Marielis Anabel Vargas Villalona<\/strong>, in addition to seriously wounding <strong>Erlin Alberto G\u00f3mez Rodr\u00edguez<\/strong> and <strong>Eduar de Jes\u00fas Espinal Fern\u00e1ndez<\/strong>.<\/p>\n\n\n\n<p class=\"wp-block-paragraph\">The crime occurred on <strong>June 7, 2022<\/strong>, at a food establishment located at a gas station in the municipality of <strong>Villa Los Alm\u00e1cigos<\/strong>, in the Santiago Rodr\u00edguez province, where a violent incident was recorded that shocked the community.<\/p>\n\n\n\n<h6 class=\"wp-block-heading\">You can also read: <a href=\"https:\/\/deultimominuto.com\/nacionales\/micm-y-procine-impulsan-alianza\/\">MICM and PROCINE promote alliance to strengthen the industry<\/a><\/h6>\n\n\n\n<p class=\"wp-block-paragraph\">The decision was adopted by the Collegiate Court, presided over by Judge <strong>Dayanara Peralta<\/strong> and composed of judges <strong>Risel Pe\u00f1a Morel<\/strong> and <strong>Norma Zapata<\/strong>, who accepted the evidence presented by the Public Prosecutor&#8217;s Office and handed down the maximum sentence requested against the defendant.<\/p>\n\n\n\n<p class=\"wp-block-paragraph\">With this conviction, the court concludes one of the most impactful judicial processes recorded in the province, by imposing a 30-year prison sentence for the events that claimed the lives of two people and left two others with <a href=\"https:\/\/www.youtube.com\/@deultimominutotv\" data-type=\"link\" data-id=\"https:\/\/www.youtube.com\/@deultimominutotv\" target=\"_blank\" rel=\"noopener\">serious<\/a> injuries.<\/p>\n","protected":false},"excerpt":{"rendered":"<p>Santiago Rodr\u00edguez.&#8211; The Collegiate Court of the Judicial District of Santiago Rodr\u00edguez sentenced the former provincial director of the Ministry of Industry, Commerce and MSMEs (MICM), Carlos Juan Rodr\u00edguez Garc\u00eda, to 30 years in prison after finding him guilty of the homicide of a married couple and causing serious injuries to two other people during [&hellip;]<\/p>\n","protected":false},"author":133543,"featured_media":518832,"comment_status":"open","ping_status":"open","sticky":false,"template":"","format":"standard","meta":{"_acf_changed":false,"_jetpack_newsletter_access":"","_jetpack_dont_email_post_to_subs":false,"_jetpack_newsletter_tier_id":0,"_jetpack_memberships_contains_paywalled_content":false,"_jetpack_memberships_contains_paid_content":false,"footnotes":"","_members_access_role":[],"_members_access_error":""},"categories":[1],"tags":[],"class_list":["post-518831","post","type-post","status-publish","format-standard","has-post-thumbnail","category-uncategorized"],"acf":[],"jetpack_sharing_enabled":true,"jetpack_shortlink":"https:\/\/wp.me\/phj1q1-2aYf","jetpack_featured_media_url":"https:\/\/deultimominuto.com\/en\/wp-content\/uploads\/sites\/2\/2026\/07\/Juan-Luis-Jimenez-Adames-1200x675-1.webp","dum_api":{"author_name":"Carolina \u00c1lvarez","author_image":"https:\/\/deultimominuto.com\/wp-content\/uploads\/2026\/05\/cropped-WhatsApp-Image-2026-05-26-at-5.31.57-PM-96x96.jpeg","categories_name":["Uncategorized"],"featured_media_url":"https:\/\/cdn.deultimominuto.com\/en\/wp-content\/uploads\/sites\/2\/2026\/07\/Juan-Luis-Jimenez-Adames-1200x675-1.webp"},"_links":{"self":[{"href":"https:\/\/deultimominuto.com\/en\/wp-json\/wp\/v2\/posts\/518831","targetHints":{"allow":["GET"]}}],"collection":[{"href":"https:\/\/deultimominuto.com\/en\/wp-json\/wp\/v2\/posts"}],"about":[{"href":"https:\/\/deultimominuto.com\/en\/wp-json\/wp\/v2\/types\/post"}],"author":[{"embeddable":true,"href":"https:\/\/deultimominuto.com\/en\/wp-json\/wp\/v2\/users\/133543"}],"replies":[{"embeddable":true,"href":"https:\/\/deultimominuto.com\/en\/wp-json\/wp\/v2\/comments?post=518831"}],"version-history":[{"count":0,"href":"https:\/\/deultimominuto.com\/en\/wp-json\/wp\/v2\/posts\/518831\/revisions"}],"wp:featuredmedia":[{"embeddable":true,"href":"https:\/\/deultimominuto.com\/en\/wp-json\/wp\/v2\/media\/518832"}],"wp:attachment":[{"href":"https:\/\/deultimominuto.com\/en\/wp-json\/wp\/v2\/media?parent=518831"}],"wp:term":[{"taxonomy":"category","embeddable":true,"href":"https:\/\/deultimominuto.com\/en\/wp-json\/wp\/v2\/categories?post=518831"},{"taxonomy":"post_tag","embeddable":true,"href":"https:\/\/deultimominuto.com\/en\/wp-json\/wp\/v2\/tags?post=518831"}],"curies":[{"name":"wp","href":"https:\/\/api.w.org\/{rel}","templated":true}]}}