{"id":518891,"date":"2026-07-30T21:06:31","date_gmt":"2026-07-31T01:06:31","guid":{"rendered":"https:\/\/deultimominuto.net\/en\/uncategorized\/ana-maria-vesga-will-be-the-new-minister-of-health-for-abelardo-de-la-espriella-only-the-science-portfolio-remains-to-be-filled\/"},"modified":"2026-07-30T21:17:55","modified_gmt":"2026-07-31T01:17:55","slug":"ana-maria-vesga-will-be-the-new-minister-of-health-for-abelardo-de-la-espriella-only-the-science-portfolio-remains-to-be-filled","status":"publish","type":"post","link":"https:\/\/deultimominuto.com\/en\/uncategorized\/ana-maria-vesga-will-be-the-new-minister-of-health-for-abelardo-de-la-espriella-only-the-science-portfolio-remains-to-be-filled\/","title":{"rendered":"Ana Mar\u00eda Vesga will be the new Minister of Health for Abelardo De La Espriella: only the Science portfolio remains to be filled"},"content":{"rendered":"\n<p class=\"wp-block-paragraph\"><strong>Colombia<\/strong>.- Abelardo De La Espriella officially announced the new Minister of Health for his government: it is Ana Mar\u00eda Vesga, the executive director of Acemi, the association that groups the EPS of the contributory regime. <\/p>\n\n\n\n<p class=\"wp-block-paragraph\">&#8220;The health of Colombians cannot wait any longer. For too long, millions of families have suffered the consequences of a system in crisis. That reality is beginning to change. Today I welcome Ana Mar\u00eda Vesga as Minister of Health of the Miracle Homeland,&#8221; said the Colombian president on his social media.<\/p>\n\n\n\n<p class=\"wp-block-paragraph\">With this appointment, De La Espriella has almost finalized his cabinet for the start of his term. Only the appointment of the future Minister of Science remains. On the other hand, it also marks a distance from Gustavo Petro&#8217;s government, as he appoints as minister the person who always warned him about the lack of resources and the insufficiency of the capitation payment unit (UPC) for the operation of the EPS.<\/p>\n\n\n\n<h6 class=\"wp-block-heading\">You can also read: <a href=\"https:\/\/deultimominuto.com\/internacionales\/el-senado-colombiano\/\" data-type=\"link\" data-id=\"https:\/\/deultimominuto.com\/internacionales\/el-senado-colombiano\/\">The Colombian Senate approves moving De La Espriella&#8217;s inauguration outside of Bogot\u00e1<\/a><a href=\"https:\/\/deultimominuto.com\/author\/efe\/\"><\/a><\/h6>\n\n\n\n<p class=\"wp-block-paragraph\">&#8220;<strong>Your task will be to lead an emergency plan to guarantee timely care, supply of medicines, stability for human talent in health, and the financial sanitation of the sector, while we build a more efficient, transparent, solidary, and strengthened model in the regions<\/strong>,&#8221; said the Colombian president in his message. <\/p>\n\n\n\n<p class=\"wp-block-paragraph\"><strong>Vesga&#8217;s profile<\/strong><\/p>\n\n\n\n<p class=\"wp-block-paragraph\">Ana Mar\u00eda Vesga is a Colombian lawyer from the Universidad de los Andes, an institution where she also completed studies in Senior Management and Strategic Leadership. She is currently the executive president of Acemi, the guild that brings together the main <strong>EPS of the contributory regime, from where she has become one of the main interlocutors regarding the health system crisis,<\/strong> the financing of the model, and proposals for its strengthening.<\/p>\n\n\n\n<p class=\"wp-block-paragraph\">Before entering the healthcare sector, she spent a significant part of her career in the oil and mining industries. She was Executive Vice President and Business Development Manager at Integral de Servicios T\u00e9cnicos, <strong>General Manager of Latco Drilling, and a senior lawyer specializing in Oil &amp; Gas at the firm C\u00e1rdenas &amp; C\u00e1rdenas.<\/strong><\/p>\n\n\n\n<p class=\"wp-block-paragraph\">In 2018, she was appointed Executive Director of the Pharmaceutical Industry Chamber of the National Business Association of Colombia (ANDI). At that time, the organization highlighted her experience in business strategy, business development, <strong>planning, and project management. For nearly six years, she remained at ANDI, where she also assumed leadership of the Health Vice Presidency,<\/strong> consolidating herself as one of the main representatives of the business sector related to healthcare and the pharmaceutical industry.<\/p>\n\n\n\n<p class=\"wp-block-paragraph\">Subsequently, he\/she reached the executive presidency of Acemi, the guild that represents the EPS of the contributory regime.<\/p>\n\n\n\n<p class=\"wp-block-paragraph\"><br>Although her name is closely linked to the healthcare sector today, her professional career began in the hydrocarbon industry. As she describes on her LinkedIn profile, she worked for 15 years in that sector before making a professional pivot that led her to the field of health, where she has held important trade association positions in Colombia and Latin America over the last few years.<\/p>\n\n\n\n<p class=\"wp-block-paragraph\"><br>&#8220;I believe that health systems are ecosystems in constant evolution. That one learns and unlearns. That there is no perfect formula. The important thing is to work for the patients, generate well-being for the population, and creatively seek how to ensure more and better health with always limited resources,&#8221; she states in her professional profile, where she also points out that she is convinced of the strengths of the Colombian system and the need to work for its <a href=\"https:\/\/www.youtube.com\/@deultimominutotv\" data-type=\"link\" data-id=\"https:\/\/www.youtube.com\/@deultimominutotv\" target=\"_blank\" rel=\"noopener\">strengthening<\/a>.<\/p>\n\n\n\n<p class=\"wp-block-paragraph\">Source: <strong>El Tiempo<\/strong><\/p>\n\n\n\n<p class=\"wp-block-paragraph\"><br><br><br><br><\/p>\n","protected":false},"excerpt":{"rendered":"<p>Colombia.- Abelardo De La Espriella officially announced the new Minister of Health for his government: it is Ana Mar\u00eda Vesga, the executive director of Acemi, the association that groups the EPS of the contributory regime. &#8220;The health of Colombians cannot wait any longer. For too long, millions of families have suffered the consequences of a [&hellip;]<\/p>\n","protected":false},"author":133543,"featured_media":518892,"comment_status":"open","ping_status":"open","sticky":false,"template":"","format":"standard","meta":{"_acf_changed":false,"_jetpack_newsletter_access":"","_jetpack_dont_email_post_to_subs":false,"_jetpack_newsletter_tier_id":0,"_jetpack_memberships_contains_paywalled_content":false,"_jetpack_memberships_contains_paid_content":false,"footnotes":"","_members_access_role":[],"_members_access_error":""},"categories":[1],"tags":[],"class_list":["post-518891","post","type-post","status-publish","format-standard","has-post-thumbnail","category-uncategorized"],"acf":[],"jetpack_sharing_enabled":true,"jetpack_shortlink":"https:\/\/wp.me\/phj1q1-2aZd","jetpack_featured_media_url":"https:\/\/deultimominuto.com\/en\/wp-content\/uploads\/sites\/2\/2026\/07\/IMG_5797-2048x1365-1.jpg","dum_api":{"author_name":"Carolina \u00c1lvarez","author_image":"https:\/\/deultimominuto.com\/wp-content\/uploads\/2026\/05\/cropped-WhatsApp-Image-2026-05-26-at-5.31.57-PM-96x96.jpeg","categories_name":["Uncategorized"],"featured_media_url":"https:\/\/cdn.deultimominuto.com\/en\/wp-content\/uploads\/sites\/2\/2026\/07\/IMG_5797-2048x1365-1.jpg"},"_links":{"self":[{"href":"https:\/\/deultimominuto.com\/en\/wp-json\/wp\/v2\/posts\/518891","targetHints":{"allow":["GET"]}}],"collection":[{"href":"https:\/\/deultimominuto.com\/en\/wp-json\/wp\/v2\/posts"}],"about":[{"href":"https:\/\/deultimominuto.com\/en\/wp-json\/wp\/v2\/types\/post"}],"author":[{"embeddable":true,"href":"https:\/\/deultimominuto.com\/en\/wp-json\/wp\/v2\/users\/133543"}],"replies":[{"embeddable":true,"href":"https:\/\/deultimominuto.com\/en\/wp-json\/wp\/v2\/comments?post=518891"}],"version-history":[{"count":0,"href":"https:\/\/deultimominuto.com\/en\/wp-json\/wp\/v2\/posts\/518891\/revisions"}],"wp:featuredmedia":[{"embeddable":true,"href":"https:\/\/deultimominuto.com\/en\/wp-json\/wp\/v2\/media\/518892"}],"wp:attachment":[{"href":"https:\/\/deultimominuto.com\/en\/wp-json\/wp\/v2\/media?parent=518891"}],"wp:term":[{"taxonomy":"category","embeddable":true,"href":"https:\/\/deultimominuto.com\/en\/wp-json\/wp\/v2\/categories?post=518891"},{"taxonomy":"post_tag","embeddable":true,"href":"https:\/\/deultimominuto.com\/en\/wp-json\/wp\/v2\/tags?post=518891"}],"curies":[{"name":"wp","href":"https:\/\/api.w.org\/{rel}","templated":true}]}}